[{"id":32471,"date":"2026-04-28T22:16:28","date_gmt":"2026-04-28T22:16:28","guid":{"rendered":"https:\/\/noticias.jesuitas.pe\/?p=32471"},"modified":"2026-04-28T22:16:30","modified_gmt":"2026-04-28T22:16:30","slug":"casa-jesuita-santa-maria-recibio-reconocimiento-de-la-municipalidad-de-chiclayo","status":"publish","type":"post","link":"https:\/\/noticias.jesuitas.pe\/2026\/04\/28\/casa-jesuita-santa-maria-recibio-reconocimiento-de-la-municipalidad-de-chiclayo\/","title":{"rendered":"Casa Jesuita Santa Mar\u00eda recibi\u00f3 reconocimiento de la Municipalidad de Chiclayo\u00a0"},"content":{"rendered":"\n<p>La Municipalidad Provincial de Chiclayo entreg\u00f3 un reconocimiento a la Casa Santa Mar\u00eda por su labor de acompa\u00f1amiento espiritual, formaci\u00f3n educativa y apoyo social a la comunidad lambayecana.&nbsp;&nbsp;<\/p>\n\n\n\n<p>El acto se realiz\u00f3 el s\u00e1bado 18 de abril en el Sal\u00f3n Consistorial del\u00a0Palacio Municipal, en el marco de las celebraciones por el 191\u00b0 Aniversario de la Creaci\u00f3n Pol\u00edtica de Chiclayo.\u00a0Asisti\u00f3 una comitiva encabezada por el P. David Samaniego y el Sr. Jos\u00e9 Luis Estela, director de la casa. <\/p>\n\n\n\n<p><\/p>\n\n\n\n<figure class=\"wp-block-gallery has-nested-images columns-default is-cropped wp-block-gallery-1 is-layout-flex wp-block-gallery-is-layout-flex\">\n<figure data-wp-context=\"{&quot;imageId&quot;:&quot;69f22639ae310&quot;}\" data-wp-interactive=\"core\/image\" class=\"wp-block-image size-large wp-lightbox-container\"><img loading=\"lazy\" decoding=\"async\" width=\"1024\" height=\"683\" data-wp-class--hide=\"state.isContentHidden\" data-wp-class--show=\"state.isContentVisible\" data-wp-init=\"callbacks.setButtonStyles\" data-wp-on-async--click=\"actions.showLightbox\" data-wp-on-async--load=\"callbacks.setButtonStyles\" data-wp-on-async-window--resize=\"callbacks.setButtonStyles\" data-id=\"32472\" src=\"https:\/\/noticias.jesuitas.pe\/wp-content\/uploads\/2026\/04\/671153395_17983110257994392_2721951377883713673_n-1024x683.jpg\" alt=\"\" class=\"wp-image-32472\" srcset=\"https:\/\/noticias.jesuitas.pe\/wp-content\/uploads\/2026\/04\/671153395_17983110257994392_2721951377883713673_n-1024x683.jpg 1024w, https:\/\/noticias.jesuitas.pe\/wp-content\/uploads\/2026\/04\/671153395_17983110257994392_2721951377883713673_n-300x200.jpg 300w, https:\/\/noticias.jesuitas.pe\/wp-content\/uploads\/2026\/04\/671153395_17983110257994392_2721951377883713673_n-768x512.jpg 768w, https:\/\/noticias.jesuitas.pe\/wp-content\/uploads\/2026\/04\/671153395_17983110257994392_2721951377883713673_n-1080x720.jpg 1080w, https:\/\/noticias.jesuitas.pe\/wp-content\/uploads\/2026\/04\/671153395_17983110257994392_2721951377883713673_n.jpg 1440w\" sizes=\"(max-width: 1024px) 100vw, 1024px\" \/><button\n\t\t\tclass=\"lightbox-trigger\"\n\t\t\ttype=\"button\"\n\t\t\taria-haspopup=\"dialog\"\n\t\t\taria-label=\"Ampliar la imagen\"\n\t\t\tdata-wp-init=\"callbacks.initTriggerButton\"\n\t\t\tdata-wp-on-async--click=\"actions.showLightbox\"\n\t\t\tdata-wp-style--right=\"state.imageButtonRight\"\n\t\t\tdata-wp-style--top=\"state.imageButtonTop\"\n\t\t>\n\t\t\t<svg xmlns=\"http:\/\/www.w3.org\/2000\/svg\" width=\"12\" height=\"12\" fill=\"none\" viewBox=\"0 0 12 12\">\n\t\t\t\t<path fill=\"#fff\" d=\"M2 0a2 2 0 0 0-2 2v2h1.5V2a.5.5 0 0 1 .5-.5h2V0H2Zm2 10.5H2a.5.5 0 0 1-.5-.5V8H0v2a2 2 0 0 0 2 2h2v-1.5ZM8 12v-1.5h2a.5.5 0 0 0 .5-.5V8H12v2a2 2 0 0 1-2 2H8Zm2-12a2 2 0 0 1 2 2v2h-1.5V2a.5.5 0 0 0-.5-.5H8V0h2Z\" \/>\n\t\t\t<\/svg>\n\t\t<\/button><\/figure>\n\n\n\n<figure data-wp-context=\"{&quot;imageId&quot;:&quot;69f22639ae932&quot;}\" data-wp-interactive=\"core\/image\" class=\"wp-block-image size-large wp-lightbox-container\"><img loading=\"lazy\" decoding=\"async\" width=\"1024\" height=\"683\" data-wp-class--hide=\"state.isContentHidden\" data-wp-class--show=\"state.isContentVisible\" data-wp-init=\"callbacks.setButtonStyles\" data-wp-on-async--click=\"actions.showLightbox\" data-wp-on-async--load=\"callbacks.setButtonStyles\" data-wp-on-async-window--resize=\"callbacks.setButtonStyles\" data-id=\"32473\" src=\"https:\/\/noticias.jesuitas.pe\/wp-content\/uploads\/2026\/04\/671780122_17983110266994392_1997369226821385866_n-1024x683.jpg\" alt=\"\" class=\"wp-image-32473\" srcset=\"https:\/\/noticias.jesuitas.pe\/wp-content\/uploads\/2026\/04\/671780122_17983110266994392_1997369226821385866_n-1024x683.jpg 1024w, https:\/\/noticias.jesuitas.pe\/wp-content\/uploads\/2026\/04\/671780122_17983110266994392_1997369226821385866_n-300x200.jpg 300w, https:\/\/noticias.jesuitas.pe\/wp-content\/uploads\/2026\/04\/671780122_17983110266994392_1997369226821385866_n-768x512.jpg 768w, https:\/\/noticias.jesuitas.pe\/wp-content\/uploads\/2026\/04\/671780122_17983110266994392_1997369226821385866_n-1080x720.jpg 1080w, https:\/\/noticias.jesuitas.pe\/wp-content\/uploads\/2026\/04\/671780122_17983110266994392_1997369226821385866_n.jpg 1440w\" sizes=\"(max-width: 1024px) 100vw, 1024px\" \/><button\n\t\t\tclass=\"lightbox-trigger\"\n\t\t\ttype=\"button\"\n\t\t\taria-haspopup=\"dialog\"\n\t\t\taria-label=\"Ampliar la imagen\"\n\t\t\tdata-wp-init=\"callbacks.initTriggerButton\"\n\t\t\tdata-wp-on-async--click=\"actions.showLightbox\"\n\t\t\tdata-wp-style--right=\"state.imageButtonRight\"\n\t\t\tdata-wp-style--top=\"state.imageButtonTop\"\n\t\t>\n\t\t\t<svg xmlns=\"http:\/\/www.w3.org\/2000\/svg\" width=\"12\" height=\"12\" fill=\"none\" viewBox=\"0 0 12 12\">\n\t\t\t\t<path fill=\"#fff\" d=\"M2 0a2 2 0 0 0-2 2v2h1.5V2a.5.5 0 0 1 .5-.5h2V0H2Zm2 10.5H2a.5.5 0 0 1-.5-.5V8H0v2a2 2 0 0 0 2 2h2v-1.5ZM8 12v-1.5h2a.5.5 0 0 0 .5-.5V8H12v2a2 2 0 0 1-2 2H8Zm2-12a2 2 0 0 1 2 2v2h-1.5V2a.5.5 0 0 0-.5-.5H8V0h2Z\" \/>\n\t\t\t<\/svg>\n\t\t<\/button><\/figure>\n<\/figure>\n","protected":false},"excerpt":{"rendered":"<p>La Municipalidad Provincial de Chiclayo entreg\u00f3 un reconocimiento a la Casa Santa Mar\u00eda por su labor de acompa\u00f1amiento espiritual, formaci\u00f3n educativa y apoyo social a la comunidad lambayecana.&nbsp;&nbsp; El acto se realiz\u00f3 el s\u00e1bado 18 de abril en el Sal\u00f3n Consistorial del\u00a0Palacio Municipal, en el marco de las celebraciones por el 191\u00b0 Aniversario de la [&hellip;]<\/p>\n","protected":false},"author":1,"featured_media":32474,"comment_status":"open","ping_status":"open","sticky":false,"template":"","format":"standard","meta":{"_et_pb_use_builder":"off","_et_pb_old_content":"","_et_gb_content_width":"","_monsterinsights_skip_tracking":false,"_monsterinsights_sitenote_active":false,"_monsterinsights_sitenote_note":"","_monsterinsights_sitenote_category":0,"footnotes":""},"categories":[42],"tags":[],"class_list":["post-32471","post","type-post","status-publish","format-standard","has-post-thumbnail","hentry","category-obras","et-has-post-format-content","et_post_format-et-post-format-standard"],"yoast_head":"<!-- This site is optimized with the Yoast SEO plugin v24.5 - https:\/\/yoast.com\/wordpress\/plugins\/seo\/ -->\n<title>Casa Jesuita Santa Mar\u00eda recibi\u00f3 reconocimiento de la Municipalidad de Chiclayo\u00a0 - Noticias Jesuitas<\/title>\n<meta name=\"robots\" content=\"index, follow, max-snippet:-1, max-image-preview:large, max-video-preview:-1\" \/>\n<link rel=\"canonical\" href=\"https:\/\/noticias.jesuitas.pe\/2026\/04\/28\/casa-jesuita-santa-maria-recibio-reconocimiento-de-la-municipalidad-de-chiclayo\/\" \/>\n<meta property=\"og:locale\" content=\"es_ES\" \/>\n<meta property=\"og:type\" content=\"article\" \/>\n<meta property=\"og:title\" content=\"Casa Jesuita Santa Mar\u00eda recibi\u00f3 reconocimiento de la Municipalidad de Chiclayo\u00a0 - Noticias Jesuitas\" \/>\n<meta property=\"og:description\" content=\"La Municipalidad Provincial de Chiclayo entreg\u00f3 un reconocimiento a la Casa Santa Mar\u00eda por su labor de acompa\u00f1amiento espiritual, formaci\u00f3n educativa y apoyo social a la comunidad lambayecana.&nbsp;&nbsp; El acto se realiz\u00f3 el s\u00e1bado 18 de abril en el Sal\u00f3n Consistorial del\u00a0Palacio Municipal, en el marco de las celebraciones por el 191\u00b0 Aniversario de la [&hellip;]\" \/>\n<meta property=\"og:url\" content=\"https:\/\/noticias.jesuitas.pe\/2026\/04\/28\/casa-jesuita-santa-maria-recibio-reconocimiento-de-la-municipalidad-de-chiclayo\/\" \/>\n<meta property=\"og:site_name\" content=\"Noticias Jesuitas\" \/>\n<meta property=\"article:published_time\" content=\"2026-04-28T22:16:28+00:00\" \/>\n<meta property=\"article:modified_time\" content=\"2026-04-28T22:16:30+00:00\" \/>\n<meta property=\"og:image\" content=\"https:\/\/noticias.jesuitas.pe\/wp-content\/uploads\/2026\/04\/671784226_17983110248994392_1387248639027503612_n.jpg\" \/>\n\t<meta property=\"og:image:width\" content=\"1440\" \/>\n\t<meta property=\"og:image:height\" content=\"960\" \/>\n\t<meta property=\"og:image:type\" content=\"image\/jpeg\" \/>\n<meta name=\"author\" content=\"@adminjesu\" \/>\n<meta name=\"twitter:card\" content=\"summary_large_image\" \/>\n<meta name=\"twitter:label1\" content=\"Escrito por\" \/>\n\t<meta name=\"twitter:data1\" content=\"@adminjesu\" \/>\n\t<meta name=\"twitter:label2\" content=\"Tiempo de lectura\" \/>\n\t<meta name=\"twitter:data2\" content=\"1 minuto\" \/>\n<script type=\"application\/ld+json\" class=\"yoast-schema-graph\">{\"@context\":\"https:\/\/schema.org\",\"@graph\":[{\"@type\":\"Article\",\"@id\":\"https:\/\/noticias.jesuitas.pe\/2026\/04\/28\/casa-jesuita-santa-maria-recibio-reconocimiento-de-la-municipalidad-de-chiclayo\/#article\",\"isPartOf\":{\"@id\":\"https:\/\/noticias.jesuitas.pe\/2026\/04\/28\/casa-jesuita-santa-maria-recibio-reconocimiento-de-la-municipalidad-de-chiclayo\/\"},\"author\":{\"name\":\"@adminjesu\",\"@id\":\"https:\/\/noticias.jesuitas.pe\/#\/schema\/person\/b35c9a89df428379626120c919dd2d87\"},\"headline\":\"Casa Jesuita Santa Mar\u00eda recibi\u00f3 reconocimiento de la Municipalidad de Chiclayo\u00a0\",\"datePublished\":\"2026-04-28T22:16:28+00:00\",\"dateModified\":\"2026-04-28T22:16:30+00:00\",\"mainEntityOfPage\":{\"@id\":\"https:\/\/noticias.jesuitas.pe\/2026\/04\/28\/casa-jesuita-santa-maria-recibio-reconocimiento-de-la-municipalidad-de-chiclayo\/\"},\"wordCount\":98,\"commentCount\":0,\"publisher\":{\"@id\":\"https:\/\/noticias.jesuitas.pe\/#organization\"},\"image\":{\"@id\":\"https:\/\/noticias.jesuitas.pe\/2026\/04\/28\/casa-jesuita-santa-maria-recibio-reconocimiento-de-la-municipalidad-de-chiclayo\/#primaryimage\"},\"thumbnailUrl\":\"https:\/\/noticias.jesuitas.pe\/wp-content\/uploads\/2026\/04\/671784226_17983110248994392_1387248639027503612_n.jpg\",\"articleSection\":[\"Obras\"],\"inLanguage\":\"es\",\"potentialAction\":[{\"@type\":\"CommentAction\",\"name\":\"Comment\",\"target\":[\"https:\/\/noticias.jesuitas.pe\/2026\/04\/28\/casa-jesuita-santa-maria-recibio-reconocimiento-de-la-municipalidad-de-chiclayo\/#respond\"]}]},{\"@type\":\"WebPage\",\"@id\":\"https:\/\/noticias.jesuitas.pe\/2026\/04\/28\/casa-jesuita-santa-maria-recibio-reconocimiento-de-la-municipalidad-de-chiclayo\/\",\"url\":\"https:\/\/noticias.jesuitas.pe\/2026\/04\/28\/casa-jesuita-santa-maria-recibio-reconocimiento-de-la-municipalidad-de-chiclayo\/\",\"name\":\"Casa Jesuita Santa Mar\u00eda recibi\u00f3 reconocimiento de la Municipalidad de Chiclayo\u00a0 - Noticias Jesuitas\",\"isPartOf\":{\"@id\":\"https:\/\/noticias.jesuitas.pe\/#website\"},\"primaryImageOfPage\":{\"@id\":\"https:\/\/noticias.jesuitas.pe\/2026\/04\/28\/casa-jesuita-santa-maria-recibio-reconocimiento-de-la-municipalidad-de-chiclayo\/#primaryimage\"},\"image\":{\"@id\":\"https:\/\/noticias.jesuitas.pe\/2026\/04\/28\/casa-jesuita-santa-maria-recibio-reconocimiento-de-la-municipalidad-de-chiclayo\/#primaryimage\"},\"thumbnailUrl\":\"https:\/\/noticias.jesuitas.pe\/wp-content\/uploads\/2026\/04\/671784226_17983110248994392_1387248639027503612_n.jpg\",\"datePublished\":\"2026-04-28T22:16:28+00:00\",\"dateModified\":\"2026-04-28T22:16:30+00:00\",\"breadcrumb\":{\"@id\":\"https:\/\/noticias.jesuitas.pe\/2026\/04\/28\/casa-jesuita-santa-maria-recibio-reconocimiento-de-la-municipalidad-de-chiclayo\/#breadcrumb\"},\"inLanguage\":\"es\",\"potentialAction\":[{\"@type\":\"ReadAction\",\"target\":[\"https:\/\/noticias.jesuitas.pe\/2026\/04\/28\/casa-jesuita-santa-maria-recibio-reconocimiento-de-la-municipalidad-de-chiclayo\/\"]}]},{\"@type\":\"ImageObject\",\"inLanguage\":\"es\",\"@id\":\"https:\/\/noticias.jesuitas.pe\/2026\/04\/28\/casa-jesuita-santa-maria-recibio-reconocimiento-de-la-municipalidad-de-chiclayo\/#primaryimage\",\"url\":\"https:\/\/noticias.jesuitas.pe\/wp-content\/uploads\/2026\/04\/671784226_17983110248994392_1387248639027503612_n.jpg\",\"contentUrl\":\"https:\/\/noticias.jesuitas.pe\/wp-content\/uploads\/2026\/04\/671784226_17983110248994392_1387248639027503612_n.jpg\",\"width\":1440,\"height\":960},{\"@type\":\"BreadcrumbList\",\"@id\":\"https:\/\/noticias.jesuitas.pe\/2026\/04\/28\/casa-jesuita-santa-maria-recibio-reconocimiento-de-la-municipalidad-de-chiclayo\/#breadcrumb\",\"itemListElement\":[{\"@type\":\"ListItem\",\"position\":1,\"name\":\"Portada\",\"item\":\"https:\/\/noticias.jesuitas.pe\/\"},{\"@type\":\"ListItem\",\"position\":2,\"name\":\"Casa Jesuita Santa Mar\u00eda recibi\u00f3 reconocimiento de la Municipalidad de Chiclayo\u00a0\"}]},{\"@type\":\"WebSite\",\"@id\":\"https:\/\/noticias.jesuitas.pe\/#website\",\"url\":\"https:\/\/noticias.jesuitas.pe\/\",\"name\":\"Noticias Jesuitas\",\"description\":\"Jesuitas del Per\u00fa\",\"publisher\":{\"@id\":\"https:\/\/noticias.jesuitas.pe\/#organization\"},\"potentialAction\":[{\"@type\":\"SearchAction\",\"target\":{\"@type\":\"EntryPoint\",\"urlTemplate\":\"https:\/\/noticias.jesuitas.pe\/?s={search_term_string}\"},\"query-input\":{\"@type\":\"PropertyValueSpecification\",\"valueRequired\":true,\"valueName\":\"search_term_string\"}}],\"inLanguage\":\"es\"},{\"@type\":\"Organization\",\"@id\":\"https:\/\/noticias.jesuitas.pe\/#organization\",\"name\":\"Jesuitas Per\u00fa\",\"url\":\"https:\/\/noticias.jesuitas.pe\/\",\"logo\":{\"@type\":\"ImageObject\",\"inLanguage\":\"es\",\"@id\":\"https:\/\/noticias.jesuitas.pe\/#\/schema\/logo\/image\/\",\"url\":\"https:\/\/noticias.jesuitas.pe\/wp-content\/uploads\/2019\/08\/logo-noticias.png\",\"contentUrl\":\"https:\/\/noticias.jesuitas.pe\/wp-content\/uploads\/2019\/08\/logo-noticias.png\",\"width\":600,\"height\":154,\"caption\":\"Jesuitas Per\u00fa\"},\"image\":{\"@id\":\"https:\/\/noticias.jesuitas.pe\/#\/schema\/logo\/image\/\"}},{\"@type\":\"Person\",\"@id\":\"https:\/\/noticias.jesuitas.pe\/#\/schema\/person\/b35c9a89df428379626120c919dd2d87\",\"name\":\"@adminjesu\",\"image\":{\"@type\":\"ImageObject\",\"inLanguage\":\"es\",\"@id\":\"https:\/\/noticias.jesuitas.pe\/#\/schema\/person\/image\/\",\"url\":\"https:\/\/secure.gravatar.com\/avatar\/d2004afa05dad3e33696882e0904bf7a?s=96&d=mm&r=g\",\"contentUrl\":\"https:\/\/secure.gravatar.com\/avatar\/d2004afa05dad3e33696882e0904bf7a?s=96&d=mm&r=g\",\"caption\":\"@adminjesu\"}}]}<\/script>\n<!-- \/ Yoast SEO plugin. -->","yoast_head_json":{"title":"Casa Jesuita Santa Mar\u00eda recibi\u00f3 reconocimiento de la Municipalidad de Chiclayo\u00a0 - Noticias Jesuitas","robots":{"index":"index","follow":"follow","max-snippet":"max-snippet:-1","max-image-preview":"max-image-preview:large","max-video-preview":"max-video-preview:-1"},"canonical":"https:\/\/noticias.jesuitas.pe\/2026\/04\/28\/casa-jesuita-santa-maria-recibio-reconocimiento-de-la-municipalidad-de-chiclayo\/","og_locale":"es_ES","og_type":"article","og_title":"Casa Jesuita Santa Mar\u00eda recibi\u00f3 reconocimiento de la Municipalidad de Chiclayo\u00a0 - Noticias Jesuitas","og_description":"La Municipalidad Provincial de Chiclayo entreg\u00f3 un reconocimiento a la Casa Santa Mar\u00eda por su labor de acompa\u00f1amiento espiritual, formaci\u00f3n educativa y apoyo social a la comunidad lambayecana.&nbsp;&nbsp; El acto se realiz\u00f3 el s\u00e1bado 18 de abril en el Sal\u00f3n Consistorial del\u00a0Palacio Municipal, en el marco de las celebraciones por el 191\u00b0 Aniversario de la [&hellip;]","og_url":"https:\/\/noticias.jesuitas.pe\/2026\/04\/28\/casa-jesuita-santa-maria-recibio-reconocimiento-de-la-municipalidad-de-chiclayo\/","og_site_name":"Noticias Jesuitas","article_published_time":"2026-04-28T22:16:28+00:00","article_modified_time":"2026-04-28T22:16:30+00:00","og_image":[{"width":1440,"height":960,"url":"https:\/\/noticias.jesuitas.pe\/wp-content\/uploads\/2026\/04\/671784226_17983110248994392_1387248639027503612_n.jpg","type":"image\/jpeg"}],"author":"@adminjesu","twitter_card":"summary_large_image","twitter_misc":{"Escrito por":"@adminjesu","Tiempo de lectura":"1 minuto"},"schema":{"@context":"https:\/\/schema.org","@graph":[{"@type":"Article","@id":"https:\/\/noticias.jesuitas.pe\/2026\/04\/28\/casa-jesuita-santa-maria-recibio-reconocimiento-de-la-municipalidad-de-chiclayo\/#article","isPartOf":{"@id":"https:\/\/noticias.jesuitas.pe\/2026\/04\/28\/casa-jesuita-santa-maria-recibio-reconocimiento-de-la-municipalidad-de-chiclayo\/"},"author":{"name":"@adminjesu","@id":"https:\/\/noticias.jesuitas.pe\/#\/schema\/person\/b35c9a89df428379626120c919dd2d87"},"headline":"Casa Jesuita Santa Mar\u00eda recibi\u00f3 reconocimiento de la Municipalidad de Chiclayo\u00a0","datePublished":"2026-04-28T22:16:28+00:00","dateModified":"2026-04-28T22:16:30+00:00","mainEntityOfPage":{"@id":"https:\/\/noticias.jesuitas.pe\/2026\/04\/28\/casa-jesuita-santa-maria-recibio-reconocimiento-de-la-municipalidad-de-chiclayo\/"},"wordCount":98,"commentCount":0,"publisher":{"@id":"https:\/\/noticias.jesuitas.pe\/#organization"},"image":{"@id":"https:\/\/noticias.jesuitas.pe\/2026\/04\/28\/casa-jesuita-santa-maria-recibio-reconocimiento-de-la-municipalidad-de-chiclayo\/#primaryimage"},"thumbnailUrl":"https:\/\/noticias.jesuitas.pe\/wp-content\/uploads\/2026\/04\/671784226_17983110248994392_1387248639027503612_n.jpg","articleSection":["Obras"],"inLanguage":"es","potentialAction":[{"@type":"CommentAction","name":"Comment","target":["https:\/\/noticias.jesuitas.pe\/2026\/04\/28\/casa-jesuita-santa-maria-recibio-reconocimiento-de-la-municipalidad-de-chiclayo\/#respond"]}]},{"@type":"WebPage","@id":"https:\/\/noticias.jesuitas.pe\/2026\/04\/28\/casa-jesuita-santa-maria-recibio-reconocimiento-de-la-municipalidad-de-chiclayo\/","url":"https:\/\/noticias.jesuitas.pe\/2026\/04\/28\/casa-jesuita-santa-maria-recibio-reconocimiento-de-la-municipalidad-de-chiclayo\/","name":"Casa Jesuita Santa Mar\u00eda recibi\u00f3 reconocimiento de la Municipalidad de Chiclayo\u00a0 - Noticias Jesuitas","isPartOf":{"@id":"https:\/\/noticias.jesuitas.pe\/#website"},"primaryImageOfPage":{"@id":"https:\/\/noticias.jesuitas.pe\/2026\/04\/28\/casa-jesuita-santa-maria-recibio-reconocimiento-de-la-municipalidad-de-chiclayo\/#primaryimage"},"image":{"@id":"https:\/\/noticias.jesuitas.pe\/2026\/04\/28\/casa-jesuita-santa-maria-recibio-reconocimiento-de-la-municipalidad-de-chiclayo\/#primaryimage"},"thumbnailUrl":"https:\/\/noticias.jesuitas.pe\/wp-content\/uploads\/2026\/04\/671784226_17983110248994392_1387248639027503612_n.jpg","datePublished":"2026-04-28T22:16:28+00:00","dateModified":"2026-04-28T22:16:30+00:00","breadcrumb":{"@id":"https:\/\/noticias.jesuitas.pe\/2026\/04\/28\/casa-jesuita-santa-maria-recibio-reconocimiento-de-la-municipalidad-de-chiclayo\/#breadcrumb"},"inLanguage":"es","potentialAction":[{"@type":"ReadAction","target":["https:\/\/noticias.jesuitas.pe\/2026\/04\/28\/casa-jesuita-santa-maria-recibio-reconocimiento-de-la-municipalidad-de-chiclayo\/"]}]},{"@type":"ImageObject","inLanguage":"es","@id":"https:\/\/noticias.jesuitas.pe\/2026\/04\/28\/casa-jesuita-santa-maria-recibio-reconocimiento-de-la-municipalidad-de-chiclayo\/#primaryimage","url":"https:\/\/noticias.jesuitas.pe\/wp-content\/uploads\/2026\/04\/671784226_17983110248994392_1387248639027503612_n.jpg","contentUrl":"https:\/\/noticias.jesuitas.pe\/wp-content\/uploads\/2026\/04\/671784226_17983110248994392_1387248639027503612_n.jpg","width":1440,"height":960},{"@type":"BreadcrumbList","@id":"https:\/\/noticias.jesuitas.pe\/2026\/04\/28\/casa-jesuita-santa-maria-recibio-reconocimiento-de-la-municipalidad-de-chiclayo\/#breadcrumb","itemListElement":[{"@type":"ListItem","position":1,"name":"Portada","item":"https:\/\/noticias.jesuitas.pe\/"},{"@type":"ListItem","position":2,"name":"Casa Jesuita Santa Mar\u00eda recibi\u00f3 reconocimiento de la Municipalidad de Chiclayo\u00a0"}]},{"@type":"WebSite","@id":"https:\/\/noticias.jesuitas.pe\/#website","url":"https:\/\/noticias.jesuitas.pe\/","name":"Noticias Jesuitas","description":"Jesuitas del Per\u00fa","publisher":{"@id":"https:\/\/noticias.jesuitas.pe\/#organization"},"potentialAction":[{"@type":"SearchAction","target":{"@type":"EntryPoint","urlTemplate":"https:\/\/noticias.jesuitas.pe\/?s={search_term_string}"},"query-input":{"@type":"PropertyValueSpecification","valueRequired":true,"valueName":"search_term_string"}}],"inLanguage":"es"},{"@type":"Organization","@id":"https:\/\/noticias.jesuitas.pe\/#organization","name":"Jesuitas Per\u00fa","url":"https:\/\/noticias.jesuitas.pe\/","logo":{"@type":"ImageObject","inLanguage":"es","@id":"https:\/\/noticias.jesuitas.pe\/#\/schema\/logo\/image\/","url":"https:\/\/noticias.jesuitas.pe\/wp-content\/uploads\/2019\/08\/logo-noticias.png","contentUrl":"https:\/\/noticias.jesuitas.pe\/wp-content\/uploads\/2019\/08\/logo-noticias.png","width":600,"height":154,"caption":"Jesuitas Per\u00fa"},"image":{"@id":"https:\/\/noticias.jesuitas.pe\/#\/schema\/logo\/image\/"}},{"@type":"Person","@id":"https:\/\/noticias.jesuitas.pe\/#\/schema\/person\/b35c9a89df428379626120c919dd2d87","name":"@adminjesu","image":{"@type":"ImageObject","inLanguage":"es","@id":"https:\/\/noticias.jesuitas.pe\/#\/schema\/person\/image\/","url":"https:\/\/secure.gravatar.com\/avatar\/d2004afa05dad3e33696882e0904bf7a?s=96&d=mm&r=g","contentUrl":"https:\/\/secure.gravatar.com\/avatar\/d2004afa05dad3e33696882e0904bf7a?s=96&d=mm&r=g","caption":"@adminjesu"}}]}},"_links":{"self":[{"href":"https:\/\/noticias.jesuitas.pe\/wp-json\/wp\/v2\/posts\/32471","targetHints":{"allow":["GET"]}}],"collection":[{"href":"https:\/\/noticias.jesuitas.pe\/wp-json\/wp\/v2\/posts"}],"about":[{"href":"https:\/\/noticias.jesuitas.pe\/wp-json\/wp\/v2\/types\/post"}],"author":[{"embeddable":true,"href":"https:\/\/noticias.jesuitas.pe\/wp-json\/wp\/v2\/users\/1"}],"replies":[{"embeddable":true,"href":"https:\/\/noticias.jesuitas.pe\/wp-json\/wp\/v2\/comments?post=32471"}],"version-history":[{"count":1,"href":"https:\/\/noticias.jesuitas.pe\/wp-json\/wp\/v2\/posts\/32471\/revisions"}],"predecessor-version":[{"id":32475,"href":"https:\/\/noticias.jesuitas.pe\/wp-json\/wp\/v2\/posts\/32471\/revisions\/32475"}],"wp:featuredmedia":[{"embeddable":true,"href":"https:\/\/noticias.jesuitas.pe\/wp-json\/wp\/v2\/media\/32474"}],"wp:attachment":[{"href":"https:\/\/noticias.jesuitas.pe\/wp-json\/wp\/v2\/media?parent=32471"}],"wp:term":[{"taxonomy":"category","embeddable":true,"href":"https:\/\/noticias.jesuitas.pe\/wp-json\/wp\/v2\/categories?post=32471"},{"taxonomy":"post_tag","embeddable":true,"href":"https:\/\/noticias.jesuitas.pe\/wp-json\/wp\/v2\/tags?post=32471"}],"curies":[{"name":"wp","href":"https:\/\/api.w.org\/{rel}","templated":true}]}},{"id":32465,"date":"2026-04-28T22:06:19","date_gmt":"2026-04-28T22:06:19","guid":{"rendered":"https:\/\/noticias.jesuitas.pe\/?p=32465"},"modified":"2026-04-28T22:06:21","modified_gmt":"2026-04-28T22:06:21","slug":"primera-asamblea-acsip-2026","status":"publish","type":"post","link":"https:\/\/noticias.jesuitas.pe\/2026\/04\/28\/primera-asamblea-acsip-2026\/","title":{"rendered":"Primera Asamblea ACSIP 2026"},"content":{"rendered":"\n<p>Los d\u00edas 16 y 17 de abril, el Colegio San Jos\u00e9 de Arequipa fue anfitri\u00f3n de la primera Asamblea ACSIP del 2026, reuniendo a directores y representantes de los cuatro colegios jesuitas del Per\u00fa: el Colegio San Ignacio de Loyola de Piura, el Colegio Cristo Rey de Tacna, el Colegio de la Inmaculada de Lima y San Jos\u00e9 de Arequipa, junto al delegado de educaci\u00f3n de la Compa\u00f1\u00eda de Jes\u00fas, P. Miguel \u00c1ngel Carbajal SJ.&nbsp;&nbsp;<\/p>\n\n\n\n<p>A lo largo de estas jornadas, se generaron conversaciones clave para alinear criterios, identificar desaf\u00edos comunes y definir prioridades compartidas para el a\u00f1o. Asimismo, se contin\u00faa fortaleciendo la labor de los comit\u00e9s corporativos de calidad, pedag\u00f3gico, pastoral y administrativo, como pilares del trabajo articulado en red.&nbsp;<\/p>\n\n\n\n<p>Este encuentro reafirma la importancia de caminar juntos como comunidad educativa, sumando esfuerzos para responder con coherencia y compromiso a los retos de la formaci\u00f3n integral en el 2026.&nbsp;<\/p>\n\n\n\n<p><\/p>\n\n\n\n<figure class=\"wp-block-gallery has-nested-images columns-default is-cropped wp-block-gallery-2 is-layout-flex wp-block-gallery-is-layout-flex\">\n<figure data-wp-context=\"{&quot;imageId&quot;:&quot;69f22639b72f9&quot;}\" data-wp-interactive=\"core\/image\" class=\"wp-block-image size-large wp-lightbox-container\"><img loading=\"lazy\" decoding=\"async\" width=\"1024\" height=\"683\" data-wp-class--hide=\"state.isContentHidden\" data-wp-class--show=\"state.isContentVisible\" data-wp-init=\"callbacks.setButtonStyles\" data-wp-on-async--click=\"actions.showLightbox\" data-wp-on-async--load=\"callbacks.setButtonStyles\" data-wp-on-async-window--resize=\"callbacks.setButtonStyles\" data-id=\"32468\" src=\"https:\/\/noticias.jesuitas.pe\/wp-content\/uploads\/2026\/04\/672684332_1367888385378161_3869556165329402996_n-1024x683.jpg\" alt=\"\" class=\"wp-image-32468\" srcset=\"https:\/\/noticias.jesuitas.pe\/wp-content\/uploads\/2026\/04\/672684332_1367888385378161_3869556165329402996_n-1024x683.jpg 1024w, https:\/\/noticias.jesuitas.pe\/wp-content\/uploads\/2026\/04\/672684332_1367888385378161_3869556165329402996_n-300x200.jpg 300w, https:\/\/noticias.jesuitas.pe\/wp-content\/uploads\/2026\/04\/672684332_1367888385378161_3869556165329402996_n-768x512.jpg 768w, https:\/\/noticias.jesuitas.pe\/wp-content\/uploads\/2026\/04\/672684332_1367888385378161_3869556165329402996_n-1536x1024.jpg 1536w, https:\/\/noticias.jesuitas.pe\/wp-content\/uploads\/2026\/04\/672684332_1367888385378161_3869556165329402996_n-1080x720.jpg 1080w, https:\/\/noticias.jesuitas.pe\/wp-content\/uploads\/2026\/04\/672684332_1367888385378161_3869556165329402996_n.jpg 2048w\" sizes=\"(max-width: 1024px) 100vw, 1024px\" \/><button\n\t\t\tclass=\"lightbox-trigger\"\n\t\t\ttype=\"button\"\n\t\t\taria-haspopup=\"dialog\"\n\t\t\taria-label=\"Ampliar la imagen\"\n\t\t\tdata-wp-init=\"callbacks.initTriggerButton\"\n\t\t\tdata-wp-on-async--click=\"actions.showLightbox\"\n\t\t\tdata-wp-style--right=\"state.imageButtonRight\"\n\t\t\tdata-wp-style--top=\"state.imageButtonTop\"\n\t\t>\n\t\t\t<svg xmlns=\"http:\/\/www.w3.org\/2000\/svg\" width=\"12\" height=\"12\" fill=\"none\" viewBox=\"0 0 12 12\">\n\t\t\t\t<path fill=\"#fff\" d=\"M2 0a2 2 0 0 0-2 2v2h1.5V2a.5.5 0 0 1 .5-.5h2V0H2Zm2 10.5H2a.5.5 0 0 1-.5-.5V8H0v2a2 2 0 0 0 2 2h2v-1.5ZM8 12v-1.5h2a.5.5 0 0 0 .5-.5V8H12v2a2 2 0 0 1-2 2H8Zm2-12a2 2 0 0 1 2 2v2h-1.5V2a.5.5 0 0 0-.5-.5H8V0h2Z\" \/>\n\t\t\t<\/svg>\n\t\t<\/button><\/figure>\n\n\n\n<figure data-wp-context=\"{&quot;imageId&quot;:&quot;69f22639b7865&quot;}\" data-wp-interactive=\"core\/image\" class=\"wp-block-image size-large wp-lightbox-container\"><img loading=\"lazy\" decoding=\"async\" width=\"1024\" height=\"683\" data-wp-class--hide=\"state.isContentHidden\" data-wp-class--show=\"state.isContentVisible\" data-wp-init=\"callbacks.setButtonStyles\" data-wp-on-async--click=\"actions.showLightbox\" data-wp-on-async--load=\"callbacks.setButtonStyles\" data-wp-on-async-window--resize=\"callbacks.setButtonStyles\" data-id=\"32466\" src=\"https:\/\/noticias.jesuitas.pe\/wp-content\/uploads\/2026\/04\/672684923_1367888408711492_8371937790240515077_n-1024x683.jpg\" alt=\"\" class=\"wp-image-32466\" srcset=\"https:\/\/noticias.jesuitas.pe\/wp-content\/uploads\/2026\/04\/672684923_1367888408711492_8371937790240515077_n-1024x683.jpg 1024w, https:\/\/noticias.jesuitas.pe\/wp-content\/uploads\/2026\/04\/672684923_1367888408711492_8371937790240515077_n-300x200.jpg 300w, https:\/\/noticias.jesuitas.pe\/wp-content\/uploads\/2026\/04\/672684923_1367888408711492_8371937790240515077_n-768x512.jpg 768w, https:\/\/noticias.jesuitas.pe\/wp-content\/uploads\/2026\/04\/672684923_1367888408711492_8371937790240515077_n-1536x1024.jpg 1536w, https:\/\/noticias.jesuitas.pe\/wp-content\/uploads\/2026\/04\/672684923_1367888408711492_8371937790240515077_n-1080x720.jpg 1080w, https:\/\/noticias.jesuitas.pe\/wp-content\/uploads\/2026\/04\/672684923_1367888408711492_8371937790240515077_n.jpg 2048w\" sizes=\"(max-width: 1024px) 100vw, 1024px\" \/><button\n\t\t\tclass=\"lightbox-trigger\"\n\t\t\ttype=\"button\"\n\t\t\taria-haspopup=\"dialog\"\n\t\t\taria-label=\"Ampliar la imagen\"\n\t\t\tdata-wp-init=\"callbacks.initTriggerButton\"\n\t\t\tdata-wp-on-async--click=\"actions.showLightbox\"\n\t\t\tdata-wp-style--right=\"state.imageButtonRight\"\n\t\t\tdata-wp-style--top=\"state.imageButtonTop\"\n\t\t>\n\t\t\t<svg xmlns=\"http:\/\/www.w3.org\/2000\/svg\" width=\"12\" height=\"12\" fill=\"none\" viewBox=\"0 0 12 12\">\n\t\t\t\t<path fill=\"#fff\" d=\"M2 0a2 2 0 0 0-2 2v2h1.5V2a.5.5 0 0 1 .5-.5h2V0H2Zm2 10.5H2a.5.5 0 0 1-.5-.5V8H0v2a2 2 0 0 0 2 2h2v-1.5ZM8 12v-1.5h2a.5.5 0 0 0 .5-.5V8H12v2a2 2 0 0 1-2 2H8Zm2-12a2 2 0 0 1 2 2v2h-1.5V2a.5.5 0 0 0-.5-.5H8V0h2Z\" \/>\n\t\t\t<\/svg>\n\t\t<\/button><\/figure>\n\n\n\n<figure data-wp-context=\"{&quot;imageId&quot;:&quot;69f22639b7cfe&quot;}\" data-wp-interactive=\"core\/image\" class=\"wp-block-image size-large wp-lightbox-container\"><img loading=\"lazy\" decoding=\"async\" width=\"1024\" height=\"683\" data-wp-class--hide=\"state.isContentHidden\" data-wp-class--show=\"state.isContentVisible\" data-wp-init=\"callbacks.setButtonStyles\" data-wp-on-async--click=\"actions.showLightbox\" data-wp-on-async--load=\"callbacks.setButtonStyles\" data-wp-on-async-window--resize=\"callbacks.setButtonStyles\" data-id=\"32467\" src=\"https:\/\/noticias.jesuitas.pe\/wp-content\/uploads\/2026\/04\/672394217_1367888425378157_5822119871736486733_n-1024x683.jpg\" alt=\"\" class=\"wp-image-32467\" srcset=\"https:\/\/noticias.jesuitas.pe\/wp-content\/uploads\/2026\/04\/672394217_1367888425378157_5822119871736486733_n-1024x683.jpg 1024w, https:\/\/noticias.jesuitas.pe\/wp-content\/uploads\/2026\/04\/672394217_1367888425378157_5822119871736486733_n-300x200.jpg 300w, https:\/\/noticias.jesuitas.pe\/wp-content\/uploads\/2026\/04\/672394217_1367888425378157_5822119871736486733_n-768x512.jpg 768w, https:\/\/noticias.jesuitas.pe\/wp-content\/uploads\/2026\/04\/672394217_1367888425378157_5822119871736486733_n-1536x1024.jpg 1536w, https:\/\/noticias.jesuitas.pe\/wp-content\/uploads\/2026\/04\/672394217_1367888425378157_5822119871736486733_n-1080x720.jpg 1080w, https:\/\/noticias.jesuitas.pe\/wp-content\/uploads\/2026\/04\/672394217_1367888425378157_5822119871736486733_n.jpg 2048w\" sizes=\"(max-width: 1024px) 100vw, 1024px\" \/><button\n\t\t\tclass=\"lightbox-trigger\"\n\t\t\ttype=\"button\"\n\t\t\taria-haspopup=\"dialog\"\n\t\t\taria-label=\"Ampliar la imagen\"\n\t\t\tdata-wp-init=\"callbacks.initTriggerButton\"\n\t\t\tdata-wp-on-async--click=\"actions.showLightbox\"\n\t\t\tdata-wp-style--right=\"state.imageButtonRight\"\n\t\t\tdata-wp-style--top=\"state.imageButtonTop\"\n\t\t>\n\t\t\t<svg xmlns=\"http:\/\/www.w3.org\/2000\/svg\" width=\"12\" height=\"12\" fill=\"none\" viewBox=\"0 0 12 12\">\n\t\t\t\t<path fill=\"#fff\" d=\"M2 0a2 2 0 0 0-2 2v2h1.5V2a.5.5 0 0 1 .5-.5h2V0H2Zm2 10.5H2a.5.5 0 0 1-.5-.5V8H0v2a2 2 0 0 0 2 2h2v-1.5ZM8 12v-1.5h2a.5.5 0 0 0 .5-.5V8H12v2a2 2 0 0 1-2 2H8Zm2-12a2 2 0 0 1 2 2v2h-1.5V2a.5.5 0 0 0-.5-.5H8V0h2Z\" \/>\n\t\t\t<\/svg>\n\t\t<\/button><\/figure>\n<\/figure>\n","protected":false},"excerpt":{"rendered":"<p>Los d\u00edas 16 y 17 de abril, el Colegio San Jos\u00e9 de Arequipa fue anfitri\u00f3n de la primera Asamblea ACSIP del 2026, reuniendo a directores y representantes de los cuatro colegios jesuitas del Per\u00fa: el Colegio San Ignacio de Loyola de Piura, el Colegio Cristo Rey de Tacna, el Colegio de la Inmaculada de Lima [&hellip;]<\/p>\n","protected":false},"author":1,"featured_media":32469,"comment_status":"open","ping_status":"open","sticky":false,"template":"","format":"standard","meta":{"_et_pb_use_builder":"off","_et_pb_old_content":"","_et_gb_content_width":"","_monsterinsights_skip_tracking":false,"_monsterinsights_sitenote_active":false,"_monsterinsights_sitenote_note":"","_monsterinsights_sitenote_category":0,"footnotes":""},"categories":[26],"tags":[],"class_list":["post-32465","post","type-post","status-publish","format-standard","has-post-thumbnail","hentry","category-educacion","et-has-post-format-content","et_post_format-et-post-format-standard"],"yoast_head":"<!-- This site is optimized with the Yoast SEO plugin v24.5 - https:\/\/yoast.com\/wordpress\/plugins\/seo\/ -->\n<title>Primera Asamblea ACSIP 2026 - Noticias Jesuitas<\/title>\n<meta name=\"robots\" content=\"index, follow, max-snippet:-1, max-image-preview:large, max-video-preview:-1\" \/>\n<link rel=\"canonical\" href=\"https:\/\/noticias.jesuitas.pe\/2026\/04\/28\/primera-asamblea-acsip-2026\/\" \/>\n<meta property=\"og:locale\" content=\"es_ES\" \/>\n<meta property=\"og:type\" content=\"article\" \/>\n<meta property=\"og:title\" content=\"Primera Asamblea ACSIP 2026 - Noticias Jesuitas\" \/>\n<meta property=\"og:description\" content=\"Los d\u00edas 16 y 17 de abril, el Colegio San Jos\u00e9 de Arequipa fue anfitri\u00f3n de la primera Asamblea ACSIP del 2026, reuniendo a directores y representantes de los cuatro colegios jesuitas del Per\u00fa: el Colegio San Ignacio de Loyola de Piura, el Colegio Cristo Rey de Tacna, el Colegio de la Inmaculada de Lima [&hellip;]\" \/>\n<meta property=\"og:url\" content=\"https:\/\/noticias.jesuitas.pe\/2026\/04\/28\/primera-asamblea-acsip-2026\/\" \/>\n<meta property=\"og:site_name\" content=\"Noticias Jesuitas\" \/>\n<meta property=\"article:published_time\" content=\"2026-04-28T22:06:19+00:00\" \/>\n<meta property=\"article:modified_time\" content=\"2026-04-28T22:06:21+00:00\" \/>\n<meta property=\"og:image\" content=\"https:\/\/noticias.jesuitas.pe\/wp-content\/uploads\/2026\/04\/672670432_1367888648711468_3087399774604062585_n.jpg\" \/>\n\t<meta property=\"og:image:width\" content=\"2048\" \/>\n\t<meta property=\"og:image:height\" content=\"1365\" \/>\n\t<meta property=\"og:image:type\" content=\"image\/jpeg\" \/>\n<meta name=\"author\" content=\"@adminjesu\" \/>\n<meta name=\"twitter:card\" content=\"summary_large_image\" \/>\n<meta name=\"twitter:label1\" content=\"Escrito por\" \/>\n\t<meta name=\"twitter:data1\" content=\"@adminjesu\" \/>\n\t<meta name=\"twitter:label2\" content=\"Tiempo de lectura\" \/>\n\t<meta name=\"twitter:data2\" content=\"2 minutos\" \/>\n<script type=\"application\/ld+json\" class=\"yoast-schema-graph\">{\"@context\":\"https:\/\/schema.org\",\"@graph\":[{\"@type\":\"Article\",\"@id\":\"https:\/\/noticias.jesuitas.pe\/2026\/04\/28\/primera-asamblea-acsip-2026\/#article\",\"isPartOf\":{\"@id\":\"https:\/\/noticias.jesuitas.pe\/2026\/04\/28\/primera-asamblea-acsip-2026\/\"},\"author\":{\"name\":\"@adminjesu\",\"@id\":\"https:\/\/noticias.jesuitas.pe\/#\/schema\/person\/b35c9a89df428379626120c919dd2d87\"},\"headline\":\"Primera Asamblea ACSIP 2026\",\"datePublished\":\"2026-04-28T22:06:19+00:00\",\"dateModified\":\"2026-04-28T22:06:21+00:00\",\"mainEntityOfPage\":{\"@id\":\"https:\/\/noticias.jesuitas.pe\/2026\/04\/28\/primera-asamblea-acsip-2026\/\"},\"wordCount\":164,\"commentCount\":0,\"publisher\":{\"@id\":\"https:\/\/noticias.jesuitas.pe\/#organization\"},\"image\":{\"@id\":\"https:\/\/noticias.jesuitas.pe\/2026\/04\/28\/primera-asamblea-acsip-2026\/#primaryimage\"},\"thumbnailUrl\":\"https:\/\/noticias.jesuitas.pe\/wp-content\/uploads\/2026\/04\/672670432_1367888648711468_3087399774604062585_n.jpg\",\"articleSection\":[\"Educaci\u00f3n\"],\"inLanguage\":\"es\",\"potentialAction\":[{\"@type\":\"CommentAction\",\"name\":\"Comment\",\"target\":[\"https:\/\/noticias.jesuitas.pe\/2026\/04\/28\/primera-asamblea-acsip-2026\/#respond\"]}]},{\"@type\":\"WebPage\",\"@id\":\"https:\/\/noticias.jesuitas.pe\/2026\/04\/28\/primera-asamblea-acsip-2026\/\",\"url\":\"https:\/\/noticias.jesuitas.pe\/2026\/04\/28\/primera-asamblea-acsip-2026\/\",\"name\":\"Primera Asamblea ACSIP 2026 - Noticias Jesuitas\",\"isPartOf\":{\"@id\":\"https:\/\/noticias.jesuitas.pe\/#website\"},\"primaryImageOfPage\":{\"@id\":\"https:\/\/noticias.jesuitas.pe\/2026\/04\/28\/primera-asamblea-acsip-2026\/#primaryimage\"},\"image\":{\"@id\":\"https:\/\/noticias.jesuitas.pe\/2026\/04\/28\/primera-asamblea-acsip-2026\/#primaryimage\"},\"thumbnailUrl\":\"https:\/\/noticias.jesuitas.pe\/wp-content\/uploads\/2026\/04\/672670432_1367888648711468_3087399774604062585_n.jpg\",\"datePublished\":\"2026-04-28T22:06:19+00:00\",\"dateModified\":\"2026-04-28T22:06:21+00:00\",\"breadcrumb\":{\"@id\":\"https:\/\/noticias.jesuitas.pe\/2026\/04\/28\/primera-asamblea-acsip-2026\/#breadcrumb\"},\"inLanguage\":\"es\",\"potentialAction\":[{\"@type\":\"ReadAction\",\"target\":[\"https:\/\/noticias.jesuitas.pe\/2026\/04\/28\/primera-asamblea-acsip-2026\/\"]}]},{\"@type\":\"ImageObject\",\"inLanguage\":\"es\",\"@id\":\"https:\/\/noticias.jesuitas.pe\/2026\/04\/28\/primera-asamblea-acsip-2026\/#primaryimage\",\"url\":\"https:\/\/noticias.jesuitas.pe\/wp-content\/uploads\/2026\/04\/672670432_1367888648711468_3087399774604062585_n.jpg\",\"contentUrl\":\"https:\/\/noticias.jesuitas.pe\/wp-content\/uploads\/2026\/04\/672670432_1367888648711468_3087399774604062585_n.jpg\",\"width\":2048,\"height\":1365},{\"@type\":\"BreadcrumbList\",\"@id\":\"https:\/\/noticias.jesuitas.pe\/2026\/04\/28\/primera-asamblea-acsip-2026\/#breadcrumb\",\"itemListElement\":[{\"@type\":\"ListItem\",\"position\":1,\"name\":\"Portada\",\"item\":\"https:\/\/noticias.jesuitas.pe\/\"},{\"@type\":\"ListItem\",\"position\":2,\"name\":\"Primera Asamblea ACSIP 2026\"}]},{\"@type\":\"WebSite\",\"@id\":\"https:\/\/noticias.jesuitas.pe\/#website\",\"url\":\"https:\/\/noticias.jesuitas.pe\/\",\"name\":\"Noticias Jesuitas\",\"description\":\"Jesuitas del Per\u00fa\",\"publisher\":{\"@id\":\"https:\/\/noticias.jesuitas.pe\/#organization\"},\"potentialAction\":[{\"@type\":\"SearchAction\",\"target\":{\"@type\":\"EntryPoint\",\"urlTemplate\":\"https:\/\/noticias.jesuitas.pe\/?s={search_term_string}\"},\"query-input\":{\"@type\":\"PropertyValueSpecification\",\"valueRequired\":true,\"valueName\":\"search_term_string\"}}],\"inLanguage\":\"es\"},{\"@type\":\"Organization\",\"@id\":\"https:\/\/noticias.jesuitas.pe\/#organization\",\"name\":\"Jesuitas Per\u00fa\",\"url\":\"https:\/\/noticias.jesuitas.pe\/\",\"logo\":{\"@type\":\"ImageObject\",\"inLanguage\":\"es\",\"@id\":\"https:\/\/noticias.jesuitas.pe\/#\/schema\/logo\/image\/\",\"url\":\"https:\/\/noticias.jesuitas.pe\/wp-content\/uploads\/2019\/08\/logo-noticias.png\",\"contentUrl\":\"https:\/\/noticias.jesuitas.pe\/wp-content\/uploads\/2019\/08\/logo-noticias.png\",\"width\":600,\"height\":154,\"caption\":\"Jesuitas Per\u00fa\"},\"image\":{\"@id\":\"https:\/\/noticias.jesuitas.pe\/#\/schema\/logo\/image\/\"}},{\"@type\":\"Person\",\"@id\":\"https:\/\/noticias.jesuitas.pe\/#\/schema\/person\/b35c9a89df428379626120c919dd2d87\",\"name\":\"@adminjesu\",\"image\":{\"@type\":\"ImageObject\",\"inLanguage\":\"es\",\"@id\":\"https:\/\/noticias.jesuitas.pe\/#\/schema\/person\/image\/\",\"url\":\"https:\/\/secure.gravatar.com\/avatar\/d2004afa05dad3e33696882e0904bf7a?s=96&d=mm&r=g\",\"contentUrl\":\"https:\/\/secure.gravatar.com\/avatar\/d2004afa05dad3e33696882e0904bf7a?s=96&d=mm&r=g\",\"caption\":\"@adminjesu\"}}]}<\/script>\n<!-- \/ Yoast SEO plugin. -->","yoast_head_json":{"title":"Primera Asamblea ACSIP 2026 - Noticias Jesuitas","robots":{"index":"index","follow":"follow","max-snippet":"max-snippet:-1","max-image-preview":"max-image-preview:large","max-video-preview":"max-video-preview:-1"},"canonical":"https:\/\/noticias.jesuitas.pe\/2026\/04\/28\/primera-asamblea-acsip-2026\/","og_locale":"es_ES","og_type":"article","og_title":"Primera Asamblea ACSIP 2026 - Noticias Jesuitas","og_description":"Los d\u00edas 16 y 17 de abril, el Colegio San Jos\u00e9 de Arequipa fue anfitri\u00f3n de la primera Asamblea ACSIP del 2026, reuniendo a directores y representantes de los cuatro colegios jesuitas del Per\u00fa: el Colegio San Ignacio de Loyola de Piura, el Colegio Cristo Rey de Tacna, el Colegio de la Inmaculada de Lima [&hellip;]","og_url":"https:\/\/noticias.jesuitas.pe\/2026\/04\/28\/primera-asamblea-acsip-2026\/","og_site_name":"Noticias Jesuitas","article_published_time":"2026-04-28T22:06:19+00:00","article_modified_time":"2026-04-28T22:06:21+00:00","og_image":[{"width":2048,"height":1365,"url":"https:\/\/noticias.jesuitas.pe\/wp-content\/uploads\/2026\/04\/672670432_1367888648711468_3087399774604062585_n.jpg","type":"image\/jpeg"}],"author":"@adminjesu","twitter_card":"summary_large_image","twitter_misc":{"Escrito por":"@adminjesu","Tiempo de lectura":"2 minutos"},"schema":{"@context":"https:\/\/schema.org","@graph":[{"@type":"Article","@id":"https:\/\/noticias.jesuitas.pe\/2026\/04\/28\/primera-asamblea-acsip-2026\/#article","isPartOf":{"@id":"https:\/\/noticias.jesuitas.pe\/2026\/04\/28\/primera-asamblea-acsip-2026\/"},"author":{"name":"@adminjesu","@id":"https:\/\/noticias.jesuitas.pe\/#\/schema\/person\/b35c9a89df428379626120c919dd2d87"},"headline":"Primera Asamblea ACSIP 2026","datePublished":"2026-04-28T22:06:19+00:00","dateModified":"2026-04-28T22:06:21+00:00","mainEntityOfPage":{"@id":"https:\/\/noticias.jesuitas.pe\/2026\/04\/28\/primera-asamblea-acsip-2026\/"},"wordCount":164,"commentCount":0,"publisher":{"@id":"https:\/\/noticias.jesuitas.pe\/#organization"},"image":{"@id":"https:\/\/noticias.jesuitas.pe\/2026\/04\/28\/primera-asamblea-acsip-2026\/#primaryimage"},"thumbnailUrl":"https:\/\/noticias.jesuitas.pe\/wp-content\/uploads\/2026\/04\/672670432_1367888648711468_3087399774604062585_n.jpg","articleSection":["Educaci\u00f3n"],"inLanguage":"es","potentialAction":[{"@type":"CommentAction","name":"Comment","target":["https:\/\/noticias.jesuitas.pe\/2026\/04\/28\/primera-asamblea-acsip-2026\/#respond"]}]},{"@type":"WebPage","@id":"https:\/\/noticias.jesuitas.pe\/2026\/04\/28\/primera-asamblea-acsip-2026\/","url":"https:\/\/noticias.jesuitas.pe\/2026\/04\/28\/primera-asamblea-acsip-2026\/","name":"Primera Asamblea ACSIP 2026 - Noticias Jesuitas","isPartOf":{"@id":"https:\/\/noticias.jesuitas.pe\/#website"},"primaryImageOfPage":{"@id":"https:\/\/noticias.jesuitas.pe\/2026\/04\/28\/primera-asamblea-acsip-2026\/#primaryimage"},"image":{"@id":"https:\/\/noticias.jesuitas.pe\/2026\/04\/28\/primera-asamblea-acsip-2026\/#primaryimage"},"thumbnailUrl":"https:\/\/noticias.jesuitas.pe\/wp-content\/uploads\/2026\/04\/672670432_1367888648711468_3087399774604062585_n.jpg","datePublished":"2026-04-28T22:06:19+00:00","dateModified":"2026-04-28T22:06:21+00:00","breadcrumb":{"@id":"https:\/\/noticias.jesuitas.pe\/2026\/04\/28\/primera-asamblea-acsip-2026\/#breadcrumb"},"inLanguage":"es","potentialAction":[{"@type":"ReadAction","target":["https:\/\/noticias.jesuitas.pe\/2026\/04\/28\/primera-asamblea-acsip-2026\/"]}]},{"@type":"ImageObject","inLanguage":"es","@id":"https:\/\/noticias.jesuitas.pe\/2026\/04\/28\/primera-asamblea-acsip-2026\/#primaryimage","url":"https:\/\/noticias.jesuitas.pe\/wp-content\/uploads\/2026\/04\/672670432_1367888648711468_3087399774604062585_n.jpg","contentUrl":"https:\/\/noticias.jesuitas.pe\/wp-content\/uploads\/2026\/04\/672670432_1367888648711468_3087399774604062585_n.jpg","width":2048,"height":1365},{"@type":"BreadcrumbList","@id":"https:\/\/noticias.jesuitas.pe\/2026\/04\/28\/primera-asamblea-acsip-2026\/#breadcrumb","itemListElement":[{"@type":"ListItem","position":1,"name":"Portada","item":"https:\/\/noticias.jesuitas.pe\/"},{"@type":"ListItem","position":2,"name":"Primera Asamblea ACSIP 2026"}]},{"@type":"WebSite","@id":"https:\/\/noticias.jesuitas.pe\/#website","url":"https:\/\/noticias.jesuitas.pe\/","name":"Noticias Jesuitas","description":"Jesuitas del Per\u00fa","publisher":{"@id":"https:\/\/noticias.jesuitas.pe\/#organization"},"potentialAction":[{"@type":"SearchAction","target":{"@type":"EntryPoint","urlTemplate":"https:\/\/noticias.jesuitas.pe\/?s={search_term_string}"},"query-input":{"@type":"PropertyValueSpecification","valueRequired":true,"valueName":"search_term_string"}}],"inLanguage":"es"},{"@type":"Organization","@id":"https:\/\/noticias.jesuitas.pe\/#organization","name":"Jesuitas Per\u00fa","url":"https:\/\/noticias.jesuitas.pe\/","logo":{"@type":"ImageObject","inLanguage":"es","@id":"https:\/\/noticias.jesuitas.pe\/#\/schema\/logo\/image\/","url":"https:\/\/noticias.jesuitas.pe\/wp-content\/uploads\/2019\/08\/logo-noticias.png","contentUrl":"https:\/\/noticias.jesuitas.pe\/wp-content\/uploads\/2019\/08\/logo-noticias.png","width":600,"height":154,"caption":"Jesuitas Per\u00fa"},"image":{"@id":"https:\/\/noticias.jesuitas.pe\/#\/schema\/logo\/image\/"}},{"@type":"Person","@id":"https:\/\/noticias.jesuitas.pe\/#\/schema\/person\/b35c9a89df428379626120c919dd2d87","name":"@adminjesu","image":{"@type":"ImageObject","inLanguage":"es","@id":"https:\/\/noticias.jesuitas.pe\/#\/schema\/person\/image\/","url":"https:\/\/secure.gravatar.com\/avatar\/d2004afa05dad3e33696882e0904bf7a?s=96&d=mm&r=g","contentUrl":"https:\/\/secure.gravatar.com\/avatar\/d2004afa05dad3e33696882e0904bf7a?s=96&d=mm&r=g","caption":"@adminjesu"}}]}},"_links":{"self":[{"href":"https:\/\/noticias.jesuitas.pe\/wp-json\/wp\/v2\/posts\/32465","targetHints":{"allow":["GET"]}}],"collection":[{"href":"https:\/\/noticias.jesuitas.pe\/wp-json\/wp\/v2\/posts"}],"about":[{"href":"https:\/\/noticias.jesuitas.pe\/wp-json\/wp\/v2\/types\/post"}],"author":[{"embeddable":true,"href":"https:\/\/noticias.jesuitas.pe\/wp-json\/wp\/v2\/users\/1"}],"replies":[{"embeddable":true,"href":"https:\/\/noticias.jesuitas.pe\/wp-json\/wp\/v2\/comments?post=32465"}],"version-history":[{"count":1,"href":"https:\/\/noticias.jesuitas.pe\/wp-json\/wp\/v2\/posts\/32465\/revisions"}],"predecessor-version":[{"id":32470,"href":"https:\/\/noticias.jesuitas.pe\/wp-json\/wp\/v2\/posts\/32465\/revisions\/32470"}],"wp:featuredmedia":[{"embeddable":true,"href":"https:\/\/noticias.jesuitas.pe\/wp-json\/wp\/v2\/media\/32469"}],"wp:attachment":[{"href":"https:\/\/noticias.jesuitas.pe\/wp-json\/wp\/v2\/media?parent=32465"}],"wp:term":[{"taxonomy":"category","embeddable":true,"href":"https:\/\/noticias.jesuitas.pe\/wp-json\/wp\/v2\/categories?post=32465"},{"taxonomy":"post_tag","embeddable":true,"href":"https:\/\/noticias.jesuitas.pe\/wp-json\/wp\/v2\/tags?post=32465"}],"curies":[{"name":"wp","href":"https:\/\/api.w.org\/{rel}","templated":true}]}},{"id":32457,"date":"2026-04-28T21:29:42","date_gmt":"2026-04-28T21:29:42","guid":{"rendered":"https:\/\/noticias.jesuitas.pe\/?p=32457"},"modified":"2026-04-28T21:29:44","modified_gmt":"2026-04-28T21:29:44","slug":"centro-de-formacion-sentuch-continua-programa-para-catequistas","status":"publish","type":"post","link":"https:\/\/noticias.jesuitas.pe\/2026\/04\/28\/centro-de-formacion-sentuch-continua-programa-para-catequistas\/","title":{"rendered":"Centro de Formaci\u00f3n\u00a0Sentuch contin\u00faa programa para catequistas"},"content":{"rendered":"\n<p>Los d\u00edas 18 y 19 de abril,&nbsp;en el Centro de Espiritualidad&nbsp;Tunaants,&nbsp;se desarroll\u00f3 el tercer periodo progresivo del primer semestre del Centro de Formaci\u00f3n&nbsp;Sentuch&nbsp;de la Parroquia Virgen de F\u00e1tima del Alto Mara\u00f1\u00f3n (Condorcanqui, Amazonas).&nbsp;&nbsp;&nbsp;&nbsp;&nbsp;&nbsp;<\/p>\n\n\n\n<p>En&nbsp;este encuentro, los participantes tuvieron espacio para presentar sus tareas correspondientes y recibieron las asignadas para el mes de mayo.&nbsp;Tambi\u00e9n&nbsp;se cont\u00f3&nbsp;con la presencia del Sr. Cristian Jauregui,&nbsp;coordinador de la Comisi\u00f3n de Prevenci\u00f3n y Promoci\u00f3n de Ambientes Sanos y Seguros de los Jesuitas del Per\u00fa,&nbsp;quien ofreci\u00f3 un taller de autocuidado.&nbsp;&nbsp;<\/p>\n\n\n\n<p>Adem\u00e1s,&nbsp;Cristian&nbsp;pudo visitar y compartir el taller con el Instituto&nbsp;Fe y Alegr\u00eda&nbsp;N\u00ba&nbsp;74 y con el equipo del&nbsp;Servicio Agropecuario para la Investigaci\u00f3n y Promoci\u00f3n Econ\u00f3mica (SAIPE).&nbsp;&nbsp;<\/p>\n\n\n\n<p>Asimismo,&nbsp;estuvo de&nbsp;visita&nbsp;la Srta. Mar\u00eda Eugenia Carrizo Bringas, colaboradora de la Parroquia San Ignacio de Moxos&nbsp;(Bolivia), con el prop\u00f3sito de comenzar a explorar posibilidades de trabajo conjunto entre ambas parroquias jesuitas que acompa\u00f1an a pueblos originarios en la Amazon\u00eda, respondiendo&nbsp;as\u00ed&nbsp;a los pedidos realizados por&nbsp;el&nbsp;Servicio Jesuita&nbsp;Panamaz\u00f3nico&nbsp;&#8211;&nbsp;SJPAM.&nbsp;<\/p>\n\n\n\n<figure class=\"wp-block-gallery has-nested-images columns-default is-cropped wp-block-gallery-3 is-layout-flex wp-block-gallery-is-layout-flex\">\n<figure class=\"wp-block-image size-large\"><img loading=\"lazy\" decoding=\"async\" width=\"1024\" height=\"768\" data-id=\"32459\" src=\"https:\/\/noticias.jesuitas.pe\/wp-content\/uploads\/2026\/04\/WhatsApp-Image-2026-04-28-at-12.22.22-PM-2-1024x768.jpeg\" alt=\"\" class=\"wp-image-32459\" srcset=\"https:\/\/noticias.jesuitas.pe\/wp-content\/uploads\/2026\/04\/WhatsApp-Image-2026-04-28-at-12.22.22-PM-2-1024x768.jpeg 1024w, https:\/\/noticias.jesuitas.pe\/wp-content\/uploads\/2026\/04\/WhatsApp-Image-2026-04-28-at-12.22.22-PM-2-300x225.jpeg 300w, https:\/\/noticias.jesuitas.pe\/wp-content\/uploads\/2026\/04\/WhatsApp-Image-2026-04-28-at-12.22.22-PM-2-768x576.jpeg 768w, https:\/\/noticias.jesuitas.pe\/wp-content\/uploads\/2026\/04\/WhatsApp-Image-2026-04-28-at-12.22.22-PM-2-1080x810.jpeg 1080w, https:\/\/noticias.jesuitas.pe\/wp-content\/uploads\/2026\/04\/WhatsApp-Image-2026-04-28-at-12.22.22-PM-2.jpeg 1280w\" sizes=\"(max-width: 1024px) 100vw, 1024px\" \/><\/figure>\n\n\n\n<figure class=\"wp-block-image size-large\"><img loading=\"lazy\" decoding=\"async\" width=\"1024\" height=\"768\" data-id=\"32462\" src=\"https:\/\/noticias.jesuitas.pe\/wp-content\/uploads\/2026\/04\/WhatsApp-Image-2026-04-28-at-12.22.22-PM-1-1024x768.jpeg\" alt=\"\" class=\"wp-image-32462\" srcset=\"https:\/\/noticias.jesuitas.pe\/wp-content\/uploads\/2026\/04\/WhatsApp-Image-2026-04-28-at-12.22.22-PM-1-1024x768.jpeg 1024w, https:\/\/noticias.jesuitas.pe\/wp-content\/uploads\/2026\/04\/WhatsApp-Image-2026-04-28-at-12.22.22-PM-1-300x225.jpeg 300w, https:\/\/noticias.jesuitas.pe\/wp-content\/uploads\/2026\/04\/WhatsApp-Image-2026-04-28-at-12.22.22-PM-1-768x576.jpeg 768w, https:\/\/noticias.jesuitas.pe\/wp-content\/uploads\/2026\/04\/WhatsApp-Image-2026-04-28-at-12.22.22-PM-1-1080x810.jpeg 1080w, https:\/\/noticias.jesuitas.pe\/wp-content\/uploads\/2026\/04\/WhatsApp-Image-2026-04-28-at-12.22.22-PM-1.jpeg 1280w\" sizes=\"(max-width: 1024px) 100vw, 1024px\" \/><\/figure>\n\n\n\n<figure class=\"wp-block-image size-large\"><img loading=\"lazy\" decoding=\"async\" width=\"1024\" height=\"768\" data-id=\"32460\" src=\"https:\/\/noticias.jesuitas.pe\/wp-content\/uploads\/2026\/04\/WhatsApp-Image-2026-04-28-at-12.22.22-PM-1024x768.jpeg\" alt=\"\" class=\"wp-image-32460\" srcset=\"https:\/\/noticias.jesuitas.pe\/wp-content\/uploads\/2026\/04\/WhatsApp-Image-2026-04-28-at-12.22.22-PM-1024x768.jpeg 1024w, https:\/\/noticias.jesuitas.pe\/wp-content\/uploads\/2026\/04\/WhatsApp-Image-2026-04-28-at-12.22.22-PM-300x225.jpeg 300w, https:\/\/noticias.jesuitas.pe\/wp-content\/uploads\/2026\/04\/WhatsApp-Image-2026-04-28-at-12.22.22-PM-768x576.jpeg 768w, https:\/\/noticias.jesuitas.pe\/wp-content\/uploads\/2026\/04\/WhatsApp-Image-2026-04-28-at-12.22.22-PM-1080x810.jpeg 1080w, https:\/\/noticias.jesuitas.pe\/wp-content\/uploads\/2026\/04\/WhatsApp-Image-2026-04-28-at-12.22.22-PM.jpeg 1280w\" sizes=\"(max-width: 1024px) 100vw, 1024px\" \/><\/figure>\n\n\n\n<figure class=\"wp-block-image size-large\"><img loading=\"lazy\" decoding=\"async\" width=\"1024\" height=\"768\" data-id=\"32458\" src=\"https:\/\/noticias.jesuitas.pe\/wp-content\/uploads\/2026\/04\/WhatsApp-Image-2026-04-28-at-12.22.21-PM-1-1024x768.jpeg\" alt=\"\" class=\"wp-image-32458\" srcset=\"https:\/\/noticias.jesuitas.pe\/wp-content\/uploads\/2026\/04\/WhatsApp-Image-2026-04-28-at-12.22.21-PM-1-1024x768.jpeg 1024w, https:\/\/noticias.jesuitas.pe\/wp-content\/uploads\/2026\/04\/WhatsApp-Image-2026-04-28-at-12.22.21-PM-1-300x225.jpeg 300w, https:\/\/noticias.jesuitas.pe\/wp-content\/uploads\/2026\/04\/WhatsApp-Image-2026-04-28-at-12.22.21-PM-1-768x576.jpeg 768w, https:\/\/noticias.jesuitas.pe\/wp-content\/uploads\/2026\/04\/WhatsApp-Image-2026-04-28-at-12.22.21-PM-1-1080x810.jpeg 1080w, https:\/\/noticias.jesuitas.pe\/wp-content\/uploads\/2026\/04\/WhatsApp-Image-2026-04-28-at-12.22.21-PM-1.jpeg 1280w\" sizes=\"(max-width: 1024px) 100vw, 1024px\" \/><\/figure>\n\n\n\n<figure class=\"wp-block-image size-large\"><img loading=\"lazy\" decoding=\"async\" width=\"1024\" height=\"768\" data-id=\"32461\" src=\"https:\/\/noticias.jesuitas.pe\/wp-content\/uploads\/2026\/04\/WhatsApp-Image-2026-04-28-at-12.22.21-PM-1024x768.jpeg\" alt=\"\" class=\"wp-image-32461\" srcset=\"https:\/\/noticias.jesuitas.pe\/wp-content\/uploads\/2026\/04\/WhatsApp-Image-2026-04-28-at-12.22.21-PM-1024x768.jpeg 1024w, https:\/\/noticias.jesuitas.pe\/wp-content\/uploads\/2026\/04\/WhatsApp-Image-2026-04-28-at-12.22.21-PM-300x225.jpeg 300w, https:\/\/noticias.jesuitas.pe\/wp-content\/uploads\/2026\/04\/WhatsApp-Image-2026-04-28-at-12.22.21-PM-768x576.jpeg 768w, https:\/\/noticias.jesuitas.pe\/wp-content\/uploads\/2026\/04\/WhatsApp-Image-2026-04-28-at-12.22.21-PM-1536x1152.jpeg 1536w, https:\/\/noticias.jesuitas.pe\/wp-content\/uploads\/2026\/04\/WhatsApp-Image-2026-04-28-at-12.22.21-PM-1080x810.jpeg 1080w, https:\/\/noticias.jesuitas.pe\/wp-content\/uploads\/2026\/04\/WhatsApp-Image-2026-04-28-at-12.22.21-PM.jpeg 1600w\" sizes=\"(max-width: 1024px) 100vw, 1024px\" \/><\/figure>\n<\/figure>\n\n\n\n<p>(Con informaci\u00f3n de la Comunidad jesuita de Nieva)<\/p>\n","protected":false},"excerpt":{"rendered":"<p>Los d\u00edas 18 y 19 de abril,&nbsp;en el Centro de Espiritualidad&nbsp;Tunaants,&nbsp;se desarroll\u00f3 el tercer periodo progresivo del primer semestre del Centro de Formaci\u00f3n&nbsp;Sentuch&nbsp;de la Parroquia Virgen de F\u00e1tima del Alto Mara\u00f1\u00f3n (Condorcanqui, Amazonas).&nbsp;&nbsp;&nbsp;&nbsp;&nbsp;&nbsp; En&nbsp;este encuentro, los participantes tuvieron espacio para presentar sus tareas correspondientes y recibieron las asignadas para el mes de mayo.&nbsp;Tambi\u00e9n&nbsp;se cont\u00f3&nbsp;con la [&hellip;]<\/p>\n","protected":false},"author":1,"featured_media":32463,"comment_status":"open","ping_status":"open","sticky":false,"template":"","format":"standard","meta":{"_et_pb_use_builder":"off","_et_pb_old_content":"","_et_gb_content_width":"","_monsterinsights_skip_tracking":false,"_monsterinsights_sitenote_active":false,"_monsterinsights_sitenote_note":"","_monsterinsights_sitenote_category":0,"footnotes":""},"categories":[24],"tags":[],"class_list":["post-32457","post","type-post","status-publish","format-standard","has-post-thumbnail","hentry","category-pastoral","et-has-post-format-content","et_post_format-et-post-format-standard"],"yoast_head":"<!-- This site is optimized with the Yoast SEO plugin v24.5 - https:\/\/yoast.com\/wordpress\/plugins\/seo\/ -->\n<title>Centro de Formaci\u00f3n\u00a0Sentuch contin\u00faa programa para catequistas - Noticias Jesuitas<\/title>\n<meta name=\"robots\" content=\"index, follow, max-snippet:-1, max-image-preview:large, max-video-preview:-1\" \/>\n<link rel=\"canonical\" href=\"https:\/\/noticias.jesuitas.pe\/2026\/04\/28\/centro-de-formacion-sentuch-continua-programa-para-catequistas\/\" \/>\n<meta property=\"og:locale\" content=\"es_ES\" \/>\n<meta property=\"og:type\" content=\"article\" \/>\n<meta property=\"og:title\" content=\"Centro de Formaci\u00f3n\u00a0Sentuch contin\u00faa programa para catequistas - Noticias Jesuitas\" \/>\n<meta property=\"og:description\" content=\"Los d\u00edas 18 y 19 de abril,&nbsp;en el Centro de Espiritualidad&nbsp;Tunaants,&nbsp;se desarroll\u00f3 el tercer periodo progresivo del primer semestre del Centro de Formaci\u00f3n&nbsp;Sentuch&nbsp;de la Parroquia Virgen de F\u00e1tima del Alto Mara\u00f1\u00f3n (Condorcanqui, Amazonas).&nbsp;&nbsp;&nbsp;&nbsp;&nbsp;&nbsp; En&nbsp;este encuentro, los participantes tuvieron espacio para presentar sus tareas correspondientes y recibieron las asignadas para el mes de mayo.&nbsp;Tambi\u00e9n&nbsp;se cont\u00f3&nbsp;con la [&hellip;]\" \/>\n<meta property=\"og:url\" content=\"https:\/\/noticias.jesuitas.pe\/2026\/04\/28\/centro-de-formacion-sentuch-continua-programa-para-catequistas\/\" \/>\n<meta property=\"og:site_name\" content=\"Noticias Jesuitas\" \/>\n<meta property=\"article:published_time\" content=\"2026-04-28T21:29:42+00:00\" \/>\n<meta property=\"article:modified_time\" content=\"2026-04-28T21:29:44+00:00\" \/>\n<meta property=\"og:image\" content=\"https:\/\/noticias.jesuitas.pe\/wp-content\/uploads\/2026\/04\/WhatsApp-Image-2026-04-28-at-12.22.19-PM.jpeg\" \/>\n\t<meta property=\"og:image:width\" content=\"1280\" \/>\n\t<meta property=\"og:image:height\" content=\"960\" \/>\n\t<meta property=\"og:image:type\" content=\"image\/jpeg\" \/>\n<meta name=\"author\" content=\"@adminjesu\" \/>\n<meta name=\"twitter:card\" content=\"summary_large_image\" \/>\n<meta name=\"twitter:label1\" content=\"Escrito por\" \/>\n\t<meta name=\"twitter:data1\" content=\"@adminjesu\" \/>\n\t<meta name=\"twitter:label2\" content=\"Tiempo de lectura\" \/>\n\t<meta name=\"twitter:data2\" content=\"3 minutos\" \/>\n<script type=\"application\/ld+json\" class=\"yoast-schema-graph\">{\"@context\":\"https:\/\/schema.org\",\"@graph\":[{\"@type\":\"Article\",\"@id\":\"https:\/\/noticias.jesuitas.pe\/2026\/04\/28\/centro-de-formacion-sentuch-continua-programa-para-catequistas\/#article\",\"isPartOf\":{\"@id\":\"https:\/\/noticias.jesuitas.pe\/2026\/04\/28\/centro-de-formacion-sentuch-continua-programa-para-catequistas\/\"},\"author\":{\"name\":\"@adminjesu\",\"@id\":\"https:\/\/noticias.jesuitas.pe\/#\/schema\/person\/b35c9a89df428379626120c919dd2d87\"},\"headline\":\"Centro de Formaci\u00f3n\u00a0Sentuch contin\u00faa programa para catequistas\",\"datePublished\":\"2026-04-28T21:29:42+00:00\",\"dateModified\":\"2026-04-28T21:29:44+00:00\",\"mainEntityOfPage\":{\"@id\":\"https:\/\/noticias.jesuitas.pe\/2026\/04\/28\/centro-de-formacion-sentuch-continua-programa-para-catequistas\/\"},\"wordCount\":251,\"commentCount\":0,\"publisher\":{\"@id\":\"https:\/\/noticias.jesuitas.pe\/#organization\"},\"image\":{\"@id\":\"https:\/\/noticias.jesuitas.pe\/2026\/04\/28\/centro-de-formacion-sentuch-continua-programa-para-catequistas\/#primaryimage\"},\"thumbnailUrl\":\"https:\/\/noticias.jesuitas.pe\/wp-content\/uploads\/2026\/04\/WhatsApp-Image-2026-04-28-at-12.22.19-PM.jpeg\",\"articleSection\":[\"Pastoral\"],\"inLanguage\":\"es\",\"potentialAction\":[{\"@type\":\"CommentAction\",\"name\":\"Comment\",\"target\":[\"https:\/\/noticias.jesuitas.pe\/2026\/04\/28\/centro-de-formacion-sentuch-continua-programa-para-catequistas\/#respond\"]}]},{\"@type\":\"WebPage\",\"@id\":\"https:\/\/noticias.jesuitas.pe\/2026\/04\/28\/centro-de-formacion-sentuch-continua-programa-para-catequistas\/\",\"url\":\"https:\/\/noticias.jesuitas.pe\/2026\/04\/28\/centro-de-formacion-sentuch-continua-programa-para-catequistas\/\",\"name\":\"Centro de Formaci\u00f3n\u00a0Sentuch contin\u00faa programa para catequistas - Noticias Jesuitas\",\"isPartOf\":{\"@id\":\"https:\/\/noticias.jesuitas.pe\/#website\"},\"primaryImageOfPage\":{\"@id\":\"https:\/\/noticias.jesuitas.pe\/2026\/04\/28\/centro-de-formacion-sentuch-continua-programa-para-catequistas\/#primaryimage\"},\"image\":{\"@id\":\"https:\/\/noticias.jesuitas.pe\/2026\/04\/28\/centro-de-formacion-sentuch-continua-programa-para-catequistas\/#primaryimage\"},\"thumbnailUrl\":\"https:\/\/noticias.jesuitas.pe\/wp-content\/uploads\/2026\/04\/WhatsApp-Image-2026-04-28-at-12.22.19-PM.jpeg\",\"datePublished\":\"2026-04-28T21:29:42+00:00\",\"dateModified\":\"2026-04-28T21:29:44+00:00\",\"breadcrumb\":{\"@id\":\"https:\/\/noticias.jesuitas.pe\/2026\/04\/28\/centro-de-formacion-sentuch-continua-programa-para-catequistas\/#breadcrumb\"},\"inLanguage\":\"es\",\"potentialAction\":[{\"@type\":\"ReadAction\",\"target\":[\"https:\/\/noticias.jesuitas.pe\/2026\/04\/28\/centro-de-formacion-sentuch-continua-programa-para-catequistas\/\"]}]},{\"@type\":\"ImageObject\",\"inLanguage\":\"es\",\"@id\":\"https:\/\/noticias.jesuitas.pe\/2026\/04\/28\/centro-de-formacion-sentuch-continua-programa-para-catequistas\/#primaryimage\",\"url\":\"https:\/\/noticias.jesuitas.pe\/wp-content\/uploads\/2026\/04\/WhatsApp-Image-2026-04-28-at-12.22.19-PM.jpeg\",\"contentUrl\":\"https:\/\/noticias.jesuitas.pe\/wp-content\/uploads\/2026\/04\/WhatsApp-Image-2026-04-28-at-12.22.19-PM.jpeg\",\"width\":1280,\"height\":960},{\"@type\":\"BreadcrumbList\",\"@id\":\"https:\/\/noticias.jesuitas.pe\/2026\/04\/28\/centro-de-formacion-sentuch-continua-programa-para-catequistas\/#breadcrumb\",\"itemListElement\":[{\"@type\":\"ListItem\",\"position\":1,\"name\":\"Portada\",\"item\":\"https:\/\/noticias.jesuitas.pe\/\"},{\"@type\":\"ListItem\",\"position\":2,\"name\":\"Centro de Formaci\u00f3n\u00a0Sentuch contin\u00faa programa para catequistas\"}]},{\"@type\":\"WebSite\",\"@id\":\"https:\/\/noticias.jesuitas.pe\/#website\",\"url\":\"https:\/\/noticias.jesuitas.pe\/\",\"name\":\"Noticias Jesuitas\",\"description\":\"Jesuitas del Per\u00fa\",\"publisher\":{\"@id\":\"https:\/\/noticias.jesuitas.pe\/#organization\"},\"potentialAction\":[{\"@type\":\"SearchAction\",\"target\":{\"@type\":\"EntryPoint\",\"urlTemplate\":\"https:\/\/noticias.jesuitas.pe\/?s={search_term_string}\"},\"query-input\":{\"@type\":\"PropertyValueSpecification\",\"valueRequired\":true,\"valueName\":\"search_term_string\"}}],\"inLanguage\":\"es\"},{\"@type\":\"Organization\",\"@id\":\"https:\/\/noticias.jesuitas.pe\/#organization\",\"name\":\"Jesuitas Per\u00fa\",\"url\":\"https:\/\/noticias.jesuitas.pe\/\",\"logo\":{\"@type\":\"ImageObject\",\"inLanguage\":\"es\",\"@id\":\"https:\/\/noticias.jesuitas.pe\/#\/schema\/logo\/image\/\",\"url\":\"https:\/\/noticias.jesuitas.pe\/wp-content\/uploads\/2019\/08\/logo-noticias.png\",\"contentUrl\":\"https:\/\/noticias.jesuitas.pe\/wp-content\/uploads\/2019\/08\/logo-noticias.png\",\"width\":600,\"height\":154,\"caption\":\"Jesuitas Per\u00fa\"},\"image\":{\"@id\":\"https:\/\/noticias.jesuitas.pe\/#\/schema\/logo\/image\/\"}},{\"@type\":\"Person\",\"@id\":\"https:\/\/noticias.jesuitas.pe\/#\/schema\/person\/b35c9a89df428379626120c919dd2d87\",\"name\":\"@adminjesu\",\"image\":{\"@type\":\"ImageObject\",\"inLanguage\":\"es\",\"@id\":\"https:\/\/noticias.jesuitas.pe\/#\/schema\/person\/image\/\",\"url\":\"https:\/\/secure.gravatar.com\/avatar\/d2004afa05dad3e33696882e0904bf7a?s=96&d=mm&r=g\",\"contentUrl\":\"https:\/\/secure.gravatar.com\/avatar\/d2004afa05dad3e33696882e0904bf7a?s=96&d=mm&r=g\",\"caption\":\"@adminjesu\"}}]}<\/script>\n<!-- \/ Yoast SEO plugin. -->","yoast_head_json":{"title":"Centro de Formaci\u00f3n\u00a0Sentuch contin\u00faa programa para catequistas - Noticias Jesuitas","robots":{"index":"index","follow":"follow","max-snippet":"max-snippet:-1","max-image-preview":"max-image-preview:large","max-video-preview":"max-video-preview:-1"},"canonical":"https:\/\/noticias.jesuitas.pe\/2026\/04\/28\/centro-de-formacion-sentuch-continua-programa-para-catequistas\/","og_locale":"es_ES","og_type":"article","og_title":"Centro de Formaci\u00f3n\u00a0Sentuch contin\u00faa programa para catequistas - Noticias Jesuitas","og_description":"Los d\u00edas 18 y 19 de abril,&nbsp;en el Centro de Espiritualidad&nbsp;Tunaants,&nbsp;se desarroll\u00f3 el tercer periodo progresivo del primer semestre del Centro de Formaci\u00f3n&nbsp;Sentuch&nbsp;de la Parroquia Virgen de F\u00e1tima del Alto Mara\u00f1\u00f3n (Condorcanqui, Amazonas).&nbsp;&nbsp;&nbsp;&nbsp;&nbsp;&nbsp; En&nbsp;este encuentro, los participantes tuvieron espacio para presentar sus tareas correspondientes y recibieron las asignadas para el mes de mayo.&nbsp;Tambi\u00e9n&nbsp;se cont\u00f3&nbsp;con la [&hellip;]","og_url":"https:\/\/noticias.jesuitas.pe\/2026\/04\/28\/centro-de-formacion-sentuch-continua-programa-para-catequistas\/","og_site_name":"Noticias Jesuitas","article_published_time":"2026-04-28T21:29:42+00:00","article_modified_time":"2026-04-28T21:29:44+00:00","og_image":[{"width":1280,"height":960,"url":"https:\/\/noticias.jesuitas.pe\/wp-content\/uploads\/2026\/04\/WhatsApp-Image-2026-04-28-at-12.22.19-PM.jpeg","type":"image\/jpeg"}],"author":"@adminjesu","twitter_card":"summary_large_image","twitter_misc":{"Escrito por":"@adminjesu","Tiempo de lectura":"3 minutos"},"schema":{"@context":"https:\/\/schema.org","@graph":[{"@type":"Article","@id":"https:\/\/noticias.jesuitas.pe\/2026\/04\/28\/centro-de-formacion-sentuch-continua-programa-para-catequistas\/#article","isPartOf":{"@id":"https:\/\/noticias.jesuitas.pe\/2026\/04\/28\/centro-de-formacion-sentuch-continua-programa-para-catequistas\/"},"author":{"name":"@adminjesu","@id":"https:\/\/noticias.jesuitas.pe\/#\/schema\/person\/b35c9a89df428379626120c919dd2d87"},"headline":"Centro de Formaci\u00f3n\u00a0Sentuch contin\u00faa programa para catequistas","datePublished":"2026-04-28T21:29:42+00:00","dateModified":"2026-04-28T21:29:44+00:00","mainEntityOfPage":{"@id":"https:\/\/noticias.jesuitas.pe\/2026\/04\/28\/centro-de-formacion-sentuch-continua-programa-para-catequistas\/"},"wordCount":251,"commentCount":0,"publisher":{"@id":"https:\/\/noticias.jesuitas.pe\/#organization"},"image":{"@id":"https:\/\/noticias.jesuitas.pe\/2026\/04\/28\/centro-de-formacion-sentuch-continua-programa-para-catequistas\/#primaryimage"},"thumbnailUrl":"https:\/\/noticias.jesuitas.pe\/wp-content\/uploads\/2026\/04\/WhatsApp-Image-2026-04-28-at-12.22.19-PM.jpeg","articleSection":["Pastoral"],"inLanguage":"es","potentialAction":[{"@type":"CommentAction","name":"Comment","target":["https:\/\/noticias.jesuitas.pe\/2026\/04\/28\/centro-de-formacion-sentuch-continua-programa-para-catequistas\/#respond"]}]},{"@type":"WebPage","@id":"https:\/\/noticias.jesuitas.pe\/2026\/04\/28\/centro-de-formacion-sentuch-continua-programa-para-catequistas\/","url":"https:\/\/noticias.jesuitas.pe\/2026\/04\/28\/centro-de-formacion-sentuch-continua-programa-para-catequistas\/","name":"Centro de Formaci\u00f3n\u00a0Sentuch contin\u00faa programa para catequistas - Noticias Jesuitas","isPartOf":{"@id":"https:\/\/noticias.jesuitas.pe\/#website"},"primaryImageOfPage":{"@id":"https:\/\/noticias.jesuitas.pe\/2026\/04\/28\/centro-de-formacion-sentuch-continua-programa-para-catequistas\/#primaryimage"},"image":{"@id":"https:\/\/noticias.jesuitas.pe\/2026\/04\/28\/centro-de-formacion-sentuch-continua-programa-para-catequistas\/#primaryimage"},"thumbnailUrl":"https:\/\/noticias.jesuitas.pe\/wp-content\/uploads\/2026\/04\/WhatsApp-Image-2026-04-28-at-12.22.19-PM.jpeg","datePublished":"2026-04-28T21:29:42+00:00","dateModified":"2026-04-28T21:29:44+00:00","breadcrumb":{"@id":"https:\/\/noticias.jesuitas.pe\/2026\/04\/28\/centro-de-formacion-sentuch-continua-programa-para-catequistas\/#breadcrumb"},"inLanguage":"es","potentialAction":[{"@type":"ReadAction","target":["https:\/\/noticias.jesuitas.pe\/2026\/04\/28\/centro-de-formacion-sentuch-continua-programa-para-catequistas\/"]}]},{"@type":"ImageObject","inLanguage":"es","@id":"https:\/\/noticias.jesuitas.pe\/2026\/04\/28\/centro-de-formacion-sentuch-continua-programa-para-catequistas\/#primaryimage","url":"https:\/\/noticias.jesuitas.pe\/wp-content\/uploads\/2026\/04\/WhatsApp-Image-2026-04-28-at-12.22.19-PM.jpeg","contentUrl":"https:\/\/noticias.jesuitas.pe\/wp-content\/uploads\/2026\/04\/WhatsApp-Image-2026-04-28-at-12.22.19-PM.jpeg","width":1280,"height":960},{"@type":"BreadcrumbList","@id":"https:\/\/noticias.jesuitas.pe\/2026\/04\/28\/centro-de-formacion-sentuch-continua-programa-para-catequistas\/#breadcrumb","itemListElement":[{"@type":"ListItem","position":1,"name":"Portada","item":"https:\/\/noticias.jesuitas.pe\/"},{"@type":"ListItem","position":2,"name":"Centro de Formaci\u00f3n\u00a0Sentuch contin\u00faa programa para catequistas"}]},{"@type":"WebSite","@id":"https:\/\/noticias.jesuitas.pe\/#website","url":"https:\/\/noticias.jesuitas.pe\/","name":"Noticias Jesuitas","description":"Jesuitas del Per\u00fa","publisher":{"@id":"https:\/\/noticias.jesuitas.pe\/#organization"},"potentialAction":[{"@type":"SearchAction","target":{"@type":"EntryPoint","urlTemplate":"https:\/\/noticias.jesuitas.pe\/?s={search_term_string}"},"query-input":{"@type":"PropertyValueSpecification","valueRequired":true,"valueName":"search_term_string"}}],"inLanguage":"es"},{"@type":"Organization","@id":"https:\/\/noticias.jesuitas.pe\/#organization","name":"Jesuitas Per\u00fa","url":"https:\/\/noticias.jesuitas.pe\/","logo":{"@type":"ImageObject","inLanguage":"es","@id":"https:\/\/noticias.jesuitas.pe\/#\/schema\/logo\/image\/","url":"https:\/\/noticias.jesuitas.pe\/wp-content\/uploads\/2019\/08\/logo-noticias.png","contentUrl":"https:\/\/noticias.jesuitas.pe\/wp-content\/uploads\/2019\/08\/logo-noticias.png","width":600,"height":154,"caption":"Jesuitas Per\u00fa"},"image":{"@id":"https:\/\/noticias.jesuitas.pe\/#\/schema\/logo\/image\/"}},{"@type":"Person","@id":"https:\/\/noticias.jesuitas.pe\/#\/schema\/person\/b35c9a89df428379626120c919dd2d87","name":"@adminjesu","image":{"@type":"ImageObject","inLanguage":"es","@id":"https:\/\/noticias.jesuitas.pe\/#\/schema\/person\/image\/","url":"https:\/\/secure.gravatar.com\/avatar\/d2004afa05dad3e33696882e0904bf7a?s=96&d=mm&r=g","contentUrl":"https:\/\/secure.gravatar.com\/avatar\/d2004afa05dad3e33696882e0904bf7a?s=96&d=mm&r=g","caption":"@adminjesu"}}]}},"_links":{"self":[{"href":"https:\/\/noticias.jesuitas.pe\/wp-json\/wp\/v2\/posts\/32457","targetHints":{"allow":["GET"]}}],"collection":[{"href":"https:\/\/noticias.jesuitas.pe\/wp-json\/wp\/v2\/posts"}],"about":[{"href":"https:\/\/noticias.jesuitas.pe\/wp-json\/wp\/v2\/types\/post"}],"author":[{"embeddable":true,"href":"https:\/\/noticias.jesuitas.pe\/wp-json\/wp\/v2\/users\/1"}],"replies":[{"embeddable":true,"href":"https:\/\/noticias.jesuitas.pe\/wp-json\/wp\/v2\/comments?post=32457"}],"version-history":[{"count":1,"href":"https:\/\/noticias.jesuitas.pe\/wp-json\/wp\/v2\/posts\/32457\/revisions"}],"predecessor-version":[{"id":32464,"href":"https:\/\/noticias.jesuitas.pe\/wp-json\/wp\/v2\/posts\/32457\/revisions\/32464"}],"wp:featuredmedia":[{"embeddable":true,"href":"https:\/\/noticias.jesuitas.pe\/wp-json\/wp\/v2\/media\/32463"}],"wp:attachment":[{"href":"https:\/\/noticias.jesuitas.pe\/wp-json\/wp\/v2\/media?parent=32457"}],"wp:term":[{"taxonomy":"category","embeddable":true,"href":"https:\/\/noticias.jesuitas.pe\/wp-json\/wp\/v2\/categories?post=32457"},{"taxonomy":"post_tag","embeddable":true,"href":"https:\/\/noticias.jesuitas.pe\/wp-json\/wp\/v2\/tags?post=32457"}],"curies":[{"name":"wp","href":"https:\/\/api.w.org\/{rel}","templated":true}]}},{"id":32453,"date":"2026-04-28T20:42:24","date_gmt":"2026-04-28T20:42:24","guid":{"rendered":"https:\/\/noticias.jesuitas.pe\/?p=32453"},"modified":"2026-04-28T20:45:48","modified_gmt":"2026-04-28T20:45:48","slug":"ii-congreso-de-investigadores-del-area-andina","status":"publish","type":"post","link":"https:\/\/noticias.jesuitas.pe\/2026\/04\/28\/ii-congreso-de-investigadores-del-area-andina\/","title":{"rendered":"II Congreso de Investigadores del \u00c1rea Andina\u00a0"},"content":{"rendered":"\n<p>La \ufe0fOficina de Archivo y Patrimonio de la Compa\u00f1\u00eda de Jes\u00fas en el Per\u00fa, la \ufe0fUniversidad Antonio Ruiz de Montoya, la&nbsp;\ufe0fRuta del Barroco Andino y el \ufe0fCentro de Arte y Conservaci\u00f3n &#8211; \u00cdQONO, organizan el II Congreso de Investigadores del \u00c1rea Andina, Di\u00e1logos en las Fronteras, arte, imagen y misi\u00f3n en los andes.&nbsp;&nbsp;<\/p>\n\n\n\n<p>Este evento se realizar\u00e1 el 12 y 13 de agosto de 2026, en\u00a0el Sal\u00f3n\u00a0Loreto,\u00a0Cusco\u00a0(Per\u00fa).\u00a0El congreso propone pensar los Andes como un\u00a0territorio de frontera cultural y simb\u00f3lica, marcado por la circulaci\u00f3n de im\u00e1genes, saberes y pr\u00e1cticas, as\u00ed como por procesos de adaptaci\u00f3n y resignificaci\u00f3n local.\u00a0<\/p>\n\n\n\n<p>En continuidad con la primera edici\u00f3n, este encuentro acad\u00e9mico internacional se consolida como un espacio de reflexi\u00f3n interdisciplinaria sobre el arte virreinal andino, la cultura visual y los procesos de\u00a0evangelizaci\u00f3n. Los ejes tem\u00e1ticos ser\u00e1n: (1) Santos, m\u00e1rtires y modelos de virtud: hagiograf\u00eda, imagen y pedagog\u00eda jesuita (2)\u00a0Redes globales e intercambios\u00a0intervirreinales\u00a0(3)\u00a0La Compa\u00f1\u00eda de Jes\u00fas y las \u00f3rdenes religiosas: visiones, tensiones y proyectos\u00a0Culturales (4) Territorio, paisaje y misi\u00f3n (5) Patrimonio, memoria y preservaci\u00f3n del legado misional.\u00a0\u00a0<\/p>\n\n\n<p>La convocatoria para participar se encuentra abierta y se invita a\u00a0investigadores, acad\u00e9micos y estudiantes a enviar\u00a0sus\u00a0propuestas\u00a0a trav\u00e9s de la\u00a0<span style=\"color: #0000ff;\"><a style=\"color: #0000ff;\" href=\"https:\/\/sites.google.com\/view\/dialogosenlasfronterasdos\/inicio.\" target=\"_blank\" rel=\"noreferrer noopener\">p\u00e1gina web del congreso<\/a><\/span>.\u00a0La fecha l\u00edmite para el env\u00edo de res\u00famenes es el 10 de julio.\u00a0\u00a0<\/p>\n<p>\u00a0<\/p>","protected":false},"excerpt":{"rendered":"<p>La \ufe0fOficina de Archivo y Patrimonio de la Compa\u00f1\u00eda de Jes\u00fas en el Per\u00fa, la \ufe0fUniversidad Antonio Ruiz de Montoya, la&nbsp;\ufe0fRuta del Barroco Andino y el \ufe0fCentro de Arte y Conservaci\u00f3n &#8211; \u00cdQONO, organizan el II Congreso de Investigadores del \u00c1rea Andina, Di\u00e1logos en las Fronteras, arte, imagen y misi\u00f3n en los andes.&nbsp;&nbsp; Este evento [&hellip;]<\/p>\n","protected":false},"author":1,"featured_media":32456,"comment_status":"open","ping_status":"open","sticky":false,"template":"","format":"standard","meta":{"_et_pb_use_builder":"off","_et_pb_old_content":"","_et_gb_content_width":"","_monsterinsights_skip_tracking":false,"_monsterinsights_sitenote_active":false,"_monsterinsights_sitenote_note":"","_monsterinsights_sitenote_category":0,"footnotes":""},"categories":[25],"tags":[],"class_list":["post-32453","post","type-post","status-publish","format-standard","has-post-thumbnail","hentry","category-intelectual","et-has-post-format-content","et_post_format-et-post-format-standard"],"yoast_head":"<!-- This site is optimized with the Yoast SEO plugin v24.5 - https:\/\/yoast.com\/wordpress\/plugins\/seo\/ -->\n<title>II Congreso de Investigadores del \u00c1rea Andina\u00a0 - Noticias Jesuitas<\/title>\n<meta name=\"robots\" content=\"index, follow, max-snippet:-1, max-image-preview:large, max-video-preview:-1\" \/>\n<link rel=\"canonical\" href=\"https:\/\/noticias.jesuitas.pe\/2026\/04\/28\/ii-congreso-de-investigadores-del-area-andina\/\" \/>\n<meta property=\"og:locale\" content=\"es_ES\" \/>\n<meta property=\"og:type\" content=\"article\" \/>\n<meta property=\"og:title\" content=\"II Congreso de Investigadores del \u00c1rea Andina\u00a0 - Noticias Jesuitas\" \/>\n<meta property=\"og:description\" content=\"La \ufe0fOficina de Archivo y Patrimonio de la Compa\u00f1\u00eda de Jes\u00fas en el Per\u00fa, la \ufe0fUniversidad Antonio Ruiz de Montoya, la&nbsp;\ufe0fRuta del Barroco Andino y el \ufe0fCentro de Arte y Conservaci\u00f3n &#8211; \u00cdQONO, organizan el II Congreso de Investigadores del \u00c1rea Andina, Di\u00e1logos en las Fronteras, arte, imagen y misi\u00f3n en los andes.&nbsp;&nbsp; Este evento [&hellip;]\" \/>\n<meta property=\"og:url\" content=\"https:\/\/noticias.jesuitas.pe\/2026\/04\/28\/ii-congreso-de-investigadores-del-area-andina\/\" \/>\n<meta property=\"og:site_name\" content=\"Noticias Jesuitas\" \/>\n<meta property=\"article:published_time\" content=\"2026-04-28T20:42:24+00:00\" \/>\n<meta property=\"article:modified_time\" content=\"2026-04-28T20:45:48+00:00\" \/>\n<meta property=\"og:image\" content=\"https:\/\/noticias.jesuitas.pe\/wp-content\/uploads\/2026\/04\/CUSCO.jpg\" \/>\n\t<meta property=\"og:image:width\" content=\"1200\" \/>\n\t<meta property=\"og:image:height\" content=\"630\" \/>\n\t<meta property=\"og:image:type\" content=\"image\/jpeg\" \/>\n<meta name=\"author\" content=\"@adminjesu\" \/>\n<meta name=\"twitter:card\" content=\"summary_large_image\" \/>\n<meta name=\"twitter:label1\" content=\"Escrito por\" \/>\n\t<meta name=\"twitter:data1\" content=\"@adminjesu\" \/>\n\t<meta name=\"twitter:label2\" content=\"Tiempo de lectura\" \/>\n\t<meta name=\"twitter:data2\" content=\"2 minutos\" \/>\n<script type=\"application\/ld+json\" class=\"yoast-schema-graph\">{\"@context\":\"https:\/\/schema.org\",\"@graph\":[{\"@type\":\"Article\",\"@id\":\"https:\/\/noticias.jesuitas.pe\/2026\/04\/28\/ii-congreso-de-investigadores-del-area-andina\/#article\",\"isPartOf\":{\"@id\":\"https:\/\/noticias.jesuitas.pe\/2026\/04\/28\/ii-congreso-de-investigadores-del-area-andina\/\"},\"author\":{\"name\":\"@adminjesu\",\"@id\":\"https:\/\/noticias.jesuitas.pe\/#\/schema\/person\/b35c9a89df428379626120c919dd2d87\"},\"headline\":\"II Congreso de Investigadores del \u00c1rea Andina\u00a0\",\"datePublished\":\"2026-04-28T20:42:24+00:00\",\"dateModified\":\"2026-04-28T20:45:48+00:00\",\"mainEntityOfPage\":{\"@id\":\"https:\/\/noticias.jesuitas.pe\/2026\/04\/28\/ii-congreso-de-investigadores-del-area-andina\/\"},\"wordCount\":256,\"commentCount\":0,\"publisher\":{\"@id\":\"https:\/\/noticias.jesuitas.pe\/#organization\"},\"image\":{\"@id\":\"https:\/\/noticias.jesuitas.pe\/2026\/04\/28\/ii-congreso-de-investigadores-del-area-andina\/#primaryimage\"},\"thumbnailUrl\":\"https:\/\/noticias.jesuitas.pe\/wp-content\/uploads\/2026\/04\/CUSCO.jpg\",\"articleSection\":[\"Intelectual\"],\"inLanguage\":\"es\",\"potentialAction\":[{\"@type\":\"CommentAction\",\"name\":\"Comment\",\"target\":[\"https:\/\/noticias.jesuitas.pe\/2026\/04\/28\/ii-congreso-de-investigadores-del-area-andina\/#respond\"]}]},{\"@type\":\"WebPage\",\"@id\":\"https:\/\/noticias.jesuitas.pe\/2026\/04\/28\/ii-congreso-de-investigadores-del-area-andina\/\",\"url\":\"https:\/\/noticias.jesuitas.pe\/2026\/04\/28\/ii-congreso-de-investigadores-del-area-andina\/\",\"name\":\"II Congreso de Investigadores del \u00c1rea Andina\u00a0 - Noticias Jesuitas\",\"isPartOf\":{\"@id\":\"https:\/\/noticias.jesuitas.pe\/#website\"},\"primaryImageOfPage\":{\"@id\":\"https:\/\/noticias.jesuitas.pe\/2026\/04\/28\/ii-congreso-de-investigadores-del-area-andina\/#primaryimage\"},\"image\":{\"@id\":\"https:\/\/noticias.jesuitas.pe\/2026\/04\/28\/ii-congreso-de-investigadores-del-area-andina\/#primaryimage\"},\"thumbnailUrl\":\"https:\/\/noticias.jesuitas.pe\/wp-content\/uploads\/2026\/04\/CUSCO.jpg\",\"datePublished\":\"2026-04-28T20:42:24+00:00\",\"dateModified\":\"2026-04-28T20:45:48+00:00\",\"breadcrumb\":{\"@id\":\"https:\/\/noticias.jesuitas.pe\/2026\/04\/28\/ii-congreso-de-investigadores-del-area-andina\/#breadcrumb\"},\"inLanguage\":\"es\",\"potentialAction\":[{\"@type\":\"ReadAction\",\"target\":[\"https:\/\/noticias.jesuitas.pe\/2026\/04\/28\/ii-congreso-de-investigadores-del-area-andina\/\"]}]},{\"@type\":\"ImageObject\",\"inLanguage\":\"es\",\"@id\":\"https:\/\/noticias.jesuitas.pe\/2026\/04\/28\/ii-congreso-de-investigadores-del-area-andina\/#primaryimage\",\"url\":\"https:\/\/noticias.jesuitas.pe\/wp-content\/uploads\/2026\/04\/CUSCO.jpg\",\"contentUrl\":\"https:\/\/noticias.jesuitas.pe\/wp-content\/uploads\/2026\/04\/CUSCO.jpg\",\"width\":1200,\"height\":630},{\"@type\":\"BreadcrumbList\",\"@id\":\"https:\/\/noticias.jesuitas.pe\/2026\/04\/28\/ii-congreso-de-investigadores-del-area-andina\/#breadcrumb\",\"itemListElement\":[{\"@type\":\"ListItem\",\"position\":1,\"name\":\"Portada\",\"item\":\"https:\/\/noticias.jesuitas.pe\/\"},{\"@type\":\"ListItem\",\"position\":2,\"name\":\"II Congreso de Investigadores del \u00c1rea Andina\u00a0\"}]},{\"@type\":\"WebSite\",\"@id\":\"https:\/\/noticias.jesuitas.pe\/#website\",\"url\":\"https:\/\/noticias.jesuitas.pe\/\",\"name\":\"Noticias Jesuitas\",\"description\":\"Jesuitas del Per\u00fa\",\"publisher\":{\"@id\":\"https:\/\/noticias.jesuitas.pe\/#organization\"},\"potentialAction\":[{\"@type\":\"SearchAction\",\"target\":{\"@type\":\"EntryPoint\",\"urlTemplate\":\"https:\/\/noticias.jesuitas.pe\/?s={search_term_string}\"},\"query-input\":{\"@type\":\"PropertyValueSpecification\",\"valueRequired\":true,\"valueName\":\"search_term_string\"}}],\"inLanguage\":\"es\"},{\"@type\":\"Organization\",\"@id\":\"https:\/\/noticias.jesuitas.pe\/#organization\",\"name\":\"Jesuitas Per\u00fa\",\"url\":\"https:\/\/noticias.jesuitas.pe\/\",\"logo\":{\"@type\":\"ImageObject\",\"inLanguage\":\"es\",\"@id\":\"https:\/\/noticias.jesuitas.pe\/#\/schema\/logo\/image\/\",\"url\":\"https:\/\/noticias.jesuitas.pe\/wp-content\/uploads\/2019\/08\/logo-noticias.png\",\"contentUrl\":\"https:\/\/noticias.jesuitas.pe\/wp-content\/uploads\/2019\/08\/logo-noticias.png\",\"width\":600,\"height\":154,\"caption\":\"Jesuitas Per\u00fa\"},\"image\":{\"@id\":\"https:\/\/noticias.jesuitas.pe\/#\/schema\/logo\/image\/\"}},{\"@type\":\"Person\",\"@id\":\"https:\/\/noticias.jesuitas.pe\/#\/schema\/person\/b35c9a89df428379626120c919dd2d87\",\"name\":\"@adminjesu\",\"image\":{\"@type\":\"ImageObject\",\"inLanguage\":\"es\",\"@id\":\"https:\/\/noticias.jesuitas.pe\/#\/schema\/person\/image\/\",\"url\":\"https:\/\/secure.gravatar.com\/avatar\/d2004afa05dad3e33696882e0904bf7a?s=96&d=mm&r=g\",\"contentUrl\":\"https:\/\/secure.gravatar.com\/avatar\/d2004afa05dad3e33696882e0904bf7a?s=96&d=mm&r=g\",\"caption\":\"@adminjesu\"}}]}<\/script>\n<!-- \/ Yoast SEO plugin. -->","yoast_head_json":{"title":"II Congreso de Investigadores del \u00c1rea Andina\u00a0 - Noticias Jesuitas","robots":{"index":"index","follow":"follow","max-snippet":"max-snippet:-1","max-image-preview":"max-image-preview:large","max-video-preview":"max-video-preview:-1"},"canonical":"https:\/\/noticias.jesuitas.pe\/2026\/04\/28\/ii-congreso-de-investigadores-del-area-andina\/","og_locale":"es_ES","og_type":"article","og_title":"II Congreso de Investigadores del \u00c1rea Andina\u00a0 - Noticias Jesuitas","og_description":"La \ufe0fOficina de Archivo y Patrimonio de la Compa\u00f1\u00eda de Jes\u00fas en el Per\u00fa, la \ufe0fUniversidad Antonio Ruiz de Montoya, la&nbsp;\ufe0fRuta del Barroco Andino y el \ufe0fCentro de Arte y Conservaci\u00f3n &#8211; \u00cdQONO, organizan el II Congreso de Investigadores del \u00c1rea Andina, Di\u00e1logos en las Fronteras, arte, imagen y misi\u00f3n en los andes.&nbsp;&nbsp; Este evento [&hellip;]","og_url":"https:\/\/noticias.jesuitas.pe\/2026\/04\/28\/ii-congreso-de-investigadores-del-area-andina\/","og_site_name":"Noticias Jesuitas","article_published_time":"2026-04-28T20:42:24+00:00","article_modified_time":"2026-04-28T20:45:48+00:00","og_image":[{"width":1200,"height":630,"url":"https:\/\/noticias.jesuitas.pe\/wp-content\/uploads\/2026\/04\/CUSCO.jpg","type":"image\/jpeg"}],"author":"@adminjesu","twitter_card":"summary_large_image","twitter_misc":{"Escrito por":"@adminjesu","Tiempo de lectura":"2 minutos"},"schema":{"@context":"https:\/\/schema.org","@graph":[{"@type":"Article","@id":"https:\/\/noticias.jesuitas.pe\/2026\/04\/28\/ii-congreso-de-investigadores-del-area-andina\/#article","isPartOf":{"@id":"https:\/\/noticias.jesuitas.pe\/2026\/04\/28\/ii-congreso-de-investigadores-del-area-andina\/"},"author":{"name":"@adminjesu","@id":"https:\/\/noticias.jesuitas.pe\/#\/schema\/person\/b35c9a89df428379626120c919dd2d87"},"headline":"II Congreso de Investigadores del \u00c1rea Andina\u00a0","datePublished":"2026-04-28T20:42:24+00:00","dateModified":"2026-04-28T20:45:48+00:00","mainEntityOfPage":{"@id":"https:\/\/noticias.jesuitas.pe\/2026\/04\/28\/ii-congreso-de-investigadores-del-area-andina\/"},"wordCount":256,"commentCount":0,"publisher":{"@id":"https:\/\/noticias.jesuitas.pe\/#organization"},"image":{"@id":"https:\/\/noticias.jesuitas.pe\/2026\/04\/28\/ii-congreso-de-investigadores-del-area-andina\/#primaryimage"},"thumbnailUrl":"https:\/\/noticias.jesuitas.pe\/wp-content\/uploads\/2026\/04\/CUSCO.jpg","articleSection":["Intelectual"],"inLanguage":"es","potentialAction":[{"@type":"CommentAction","name":"Comment","target":["https:\/\/noticias.jesuitas.pe\/2026\/04\/28\/ii-congreso-de-investigadores-del-area-andina\/#respond"]}]},{"@type":"WebPage","@id":"https:\/\/noticias.jesuitas.pe\/2026\/04\/28\/ii-congreso-de-investigadores-del-area-andina\/","url":"https:\/\/noticias.jesuitas.pe\/2026\/04\/28\/ii-congreso-de-investigadores-del-area-andina\/","name":"II Congreso de Investigadores del \u00c1rea Andina\u00a0 - Noticias Jesuitas","isPartOf":{"@id":"https:\/\/noticias.jesuitas.pe\/#website"},"primaryImageOfPage":{"@id":"https:\/\/noticias.jesuitas.pe\/2026\/04\/28\/ii-congreso-de-investigadores-del-area-andina\/#primaryimage"},"image":{"@id":"https:\/\/noticias.jesuitas.pe\/2026\/04\/28\/ii-congreso-de-investigadores-del-area-andina\/#primaryimage"},"thumbnailUrl":"https:\/\/noticias.jesuitas.pe\/wp-content\/uploads\/2026\/04\/CUSCO.jpg","datePublished":"2026-04-28T20:42:24+00:00","dateModified":"2026-04-28T20:45:48+00:00","breadcrumb":{"@id":"https:\/\/noticias.jesuitas.pe\/2026\/04\/28\/ii-congreso-de-investigadores-del-area-andina\/#breadcrumb"},"inLanguage":"es","potentialAction":[{"@type":"ReadAction","target":["https:\/\/noticias.jesuitas.pe\/2026\/04\/28\/ii-congreso-de-investigadores-del-area-andina\/"]}]},{"@type":"ImageObject","inLanguage":"es","@id":"https:\/\/noticias.jesuitas.pe\/2026\/04\/28\/ii-congreso-de-investigadores-del-area-andina\/#primaryimage","url":"https:\/\/noticias.jesuitas.pe\/wp-content\/uploads\/2026\/04\/CUSCO.jpg","contentUrl":"https:\/\/noticias.jesuitas.pe\/wp-content\/uploads\/2026\/04\/CUSCO.jpg","width":1200,"height":630},{"@type":"BreadcrumbList","@id":"https:\/\/noticias.jesuitas.pe\/2026\/04\/28\/ii-congreso-de-investigadores-del-area-andina\/#breadcrumb","itemListElement":[{"@type":"ListItem","position":1,"name":"Portada","item":"https:\/\/noticias.jesuitas.pe\/"},{"@type":"ListItem","position":2,"name":"II Congreso de Investigadores del \u00c1rea Andina\u00a0"}]},{"@type":"WebSite","@id":"https:\/\/noticias.jesuitas.pe\/#website","url":"https:\/\/noticias.jesuitas.pe\/","name":"Noticias Jesuitas","description":"Jesuitas del Per\u00fa","publisher":{"@id":"https:\/\/noticias.jesuitas.pe\/#organization"},"potentialAction":[{"@type":"SearchAction","target":{"@type":"EntryPoint","urlTemplate":"https:\/\/noticias.jesuitas.pe\/?s={search_term_string}"},"query-input":{"@type":"PropertyValueSpecification","valueRequired":true,"valueName":"search_term_string"}}],"inLanguage":"es"},{"@type":"Organization","@id":"https:\/\/noticias.jesuitas.pe\/#organization","name":"Jesuitas Per\u00fa","url":"https:\/\/noticias.jesuitas.pe\/","logo":{"@type":"ImageObject","inLanguage":"es","@id":"https:\/\/noticias.jesuitas.pe\/#\/schema\/logo\/image\/","url":"https:\/\/noticias.jesuitas.pe\/wp-content\/uploads\/2019\/08\/logo-noticias.png","contentUrl":"https:\/\/noticias.jesuitas.pe\/wp-content\/uploads\/2019\/08\/logo-noticias.png","width":600,"height":154,"caption":"Jesuitas Per\u00fa"},"image":{"@id":"https:\/\/noticias.jesuitas.pe\/#\/schema\/logo\/image\/"}},{"@type":"Person","@id":"https:\/\/noticias.jesuitas.pe\/#\/schema\/person\/b35c9a89df428379626120c919dd2d87","name":"@adminjesu","image":{"@type":"ImageObject","inLanguage":"es","@id":"https:\/\/noticias.jesuitas.pe\/#\/schema\/person\/image\/","url":"https:\/\/secure.gravatar.com\/avatar\/d2004afa05dad3e33696882e0904bf7a?s=96&d=mm&r=g","contentUrl":"https:\/\/secure.gravatar.com\/avatar\/d2004afa05dad3e33696882e0904bf7a?s=96&d=mm&r=g","caption":"@adminjesu"}}]}},"_links":{"self":[{"href":"https:\/\/noticias.jesuitas.pe\/wp-json\/wp\/v2\/posts\/32453","targetHints":{"allow":["GET"]}}],"collection":[{"href":"https:\/\/noticias.jesuitas.pe\/wp-json\/wp\/v2\/posts"}],"about":[{"href":"https:\/\/noticias.jesuitas.pe\/wp-json\/wp\/v2\/types\/post"}],"author":[{"embeddable":true,"href":"https:\/\/noticias.jesuitas.pe\/wp-json\/wp\/v2\/users\/1"}],"replies":[{"embeddable":true,"href":"https:\/\/noticias.jesuitas.pe\/wp-json\/wp\/v2\/comments?post=32453"}],"version-history":[{"count":1,"href":"https:\/\/noticias.jesuitas.pe\/wp-json\/wp\/v2\/posts\/32453\/revisions"}],"predecessor-version":[{"id":32455,"href":"https:\/\/noticias.jesuitas.pe\/wp-json\/wp\/v2\/posts\/32453\/revisions\/32455"}],"wp:featuredmedia":[{"embeddable":true,"href":"https:\/\/noticias.jesuitas.pe\/wp-json\/wp\/v2\/media\/32456"}],"wp:attachment":[{"href":"https:\/\/noticias.jesuitas.pe\/wp-json\/wp\/v2\/media?parent=32453"}],"wp:term":[{"taxonomy":"category","embeddable":true,"href":"https:\/\/noticias.jesuitas.pe\/wp-json\/wp\/v2\/categories?post=32453"},{"taxonomy":"post_tag","embeddable":true,"href":"https:\/\/noticias.jesuitas.pe\/wp-json\/wp\/v2\/tags?post=32453"}],"curies":[{"name":"wp","href":"https:\/\/api.w.org\/{rel}","templated":true}]}},{"id":32450,"date":"2026-04-28T17:05:28","date_gmt":"2026-04-28T17:05:28","guid":{"rendered":"https:\/\/noticias.jesuitas.pe\/?p=32450"},"modified":"2026-04-28T17:05:30","modified_gmt":"2026-04-28T17:05:30","slug":"el-superior-general-convoca-la-72a-congregacion-de-procuradores-para-2027-en-indonesia","status":"publish","type":"post","link":"https:\/\/noticias.jesuitas.pe\/2026\/04\/28\/el-superior-general-convoca-la-72a-congregacion-de-procuradores-para-2027-en-indonesia\/","title":{"rendered":"El Superior General convoca la 72\u00aa Congregaci\u00f3n de Procuradores para 2027 en Indonesia"},"content":{"rendered":"\n<p>El Superior General Arturo Sosa SJ ha convocado la 72\u00aa Congregaci\u00f3n de Procuradores, que reunir\u00e1 en Indonesia, en octubre de 2027, a representantes de toda la Compa\u00f1\u00eda de Jes\u00fas. La reuni\u00f3n examinar\u00e1 c\u00f3mo deben reformarse las estructuras de la Compa\u00f1\u00eda para llevar adelante su misi\u00f3n, y votar\u00e1 si se convoca una Congregaci\u00f3n General, el m\u00e1ximo \u00f3rgano de gobierno de la orden.<\/p>\n\n\n\n<p>\u201cLa Compa\u00f1\u00eda de Jes\u00fas sigue viviendo el proceso de dejarse guiar por el Esp\u00edritu Santo\u201d, escribe el P. Sosa en una carta a los superiores mayores, \u201cpara responder mejor al env\u00edo en la misi\u00f3n de reconciliaci\u00f3n y justicia.\u201d<\/p>\n\n\n\n<p>La congregaci\u00f3n se inaugurar\u00e1 en la tarde del 11 de octubre de 2027 y se prev\u00e9 que dure aproximadamente seis d\u00edas. Se pide a los delegados que lleguen antes del 6 de octubre para un retiro compartido, que el P. Sosa describe como un tiempo para \u201cescrutar con mayor profundidad las se\u00f1ales con las que el Esp\u00edritu Santo est\u00e1 guiando la Compa\u00f1\u00eda\u201d antes de que comiencen las deliberaciones.<\/p>\n\n\n\n<p><\/p>\n\n\n\n<figure class=\"wp-block-image aligncenter is-resized\"><img decoding=\"async\" src=\"https:\/\/www.jesuits.global\/sj_files\/2026\/04\/2026-04-15_cp72-announcement_assembly1.jpg\" alt=\"2026-04-15_cp72-announcement_assembly1\" style=\"width:563px;height:auto\" title=\"2026-04-15_cp72-announcement_assembly1\"\/><\/figure>\n\n\n\n<p><\/p>\n\n\n\n<p>La \u00faltima Congregaci\u00f3n de Procuradores se celebr\u00f3 en Loyola, Espa\u00f1a, en 2023, y antes de eso en Nairobi, Kenia, en 2012. La reuni\u00f3n en Indonesia, el pa\u00eds con mayor poblaci\u00f3n musulmana del mundo, contin\u00faa esta tendencia global: sit\u00faa este momento de discernimiento en una regi\u00f3n donde la Iglesia est\u00e1 creciendo, y donde vivir y trabajar en una sociedad ricamente diversa y multiconfesional es una realidad cotidiana.<\/p>\n\n\n\n<p>Como preparaci\u00f3n para la congregaci\u00f3n, cada provincia jesuita celebrar\u00e1 una asamblea para elegir a un Procurador y evaluar el estado de la vida y la misi\u00f3n jesuita en su contexto; las regiones y misiones, que no son provincias de pleno derecho, designar\u00e1n a un relator con el mismo fin. Los procuradores y relatores elegidos deber\u00e1n presentar sus informes a la Curia jesuita antes del 1 de marzo de 2027.<\/p>\n\n\n\n<h3 class=\"wp-block-heading\">De recibir una misi\u00f3n a organizarse para ella<\/h3>\n\n\n\n<p>Desde la 36\u00aa Congregaci\u00f3n General de 2016, la Compa\u00f1\u00eda ha estado trabajando para aclarar d\u00f3nde est\u00e1 llamada a servir y c\u00f3mo debe organizarse para hacerlo. En su decreto sobre la gobernanza, esa congregaci\u00f3n se\u00f1al\u00f3 el discernimiento, la colaboraci\u00f3n y el trabajo en red como las lentes a trav\u00e9s de las cuales la Compa\u00f1\u00eda debe examinar su gobernanza, se\u00f1alando que \u201cla atenci\u00f3n a estas perspectivas ayuda a perfilar el gobierno, haci\u00e9ndolo m\u00e1s flexible y apost\u00f3licamente m\u00e1s efectivo.\u201d<\/p>\n\n\n\n<p><\/p>\n\n\n\n<figure class=\"wp-block-image aligncenter is-resized\"><img decoding=\"async\" src=\"https:\/\/www.jesuits.global\/sj_files\/2026\/04\/2026-04-15_cp72-announcement_groups.jpg\" alt=\"2026-04-15_cp72-announcement_groups\" style=\"width:562px;height:auto\" title=\"2026-04-15_cp72-announcement_groups\"\/><\/figure>\n\n\n\n<p><\/p>\n\n\n\n<p>En los a\u00f1os transcurridos desde entonces, esa labor ha continuado a trav\u00e9s de las Preferencias Apost\u00f3licas Universales (2019-2029), prioridades globales que surgieron de un proceso de discernimiento de dos a\u00f1os en toda la Compa\u00f1\u00eda, confirmadas por el Papa Francisco y reafirmadas por el Papa Le\u00f3n XIV. \u00c9stas han guiado la vida y la labor de los jesuitas en todo el mundo: mostrar el camino hacia Dios mediante los Ejercicios Espirituales y el discernimiento, caminar junto a los pobres y los excluidos, acompa\u00f1ar a los j\u00f3venes y cuidar de nuestra casa com\u00fan.<\/p>\n\n\n\n<p>Tras haber se\u00f1alado esas prioridades, el P. Sosa se centra ahora en lo que debe cambiar en la organizaci\u00f3n de la Compa\u00f1\u00eda para llevar a cabo su misi\u00f3n, pidiendo \u201cla adecuaci\u00f3n de sus formas de gobierno apost\u00f3lico y la necesaria renovaci\u00f3n de los apostolados\u201d.<\/p>\n\n\n\n<p>Para fundamentar esa reflexi\u00f3n, se pide a los delegados elegidos por sus provincias que visiten las comunidades y las obras apost\u00f3licas de su regi\u00f3n e informen sobre lo que observen, prestando especial atenci\u00f3n a c\u00f3mo estas tres perspectivas est\u00e1n configurando la labor de la Compa\u00f1\u00eda en la pr\u00e1ctica en todos sus ministerios, entre ellos las escuelas y universidades, los ministerios con los refugiados, las parroquias y las casas de retiro, as\u00ed como la comunicaci\u00f3n, la investigaci\u00f3n y el di\u00e1logo interreligioso. Este modelo de visitas locales y de escucha antes de reunirse como cuerpo para deliberar forma parte desde hace tiempo de la forma de proceder de la Compa\u00f1\u00eda antes de una Congregaci\u00f3n de Procuradores, y refleja el enfoque sinodal que ahora ocupa el centro de la renovaci\u00f3n de la Iglesia cat\u00f3lica.<\/p>\n\n\n\n<figure class=\"wp-block-image aligncenter is-resized\"><img decoding=\"async\" src=\"https:\/\/www.jesuits.global\/sj_files\/2026\/04\/2026-04-15_cp72-announcement_assembly3.jpg\" alt=\"2026-04-15_cp72-announcement_assembly3\" style=\"width:548px;height:auto\" title=\"2026-04-15_cp72-announcement_assembly3\"\/><\/figure>\n\n\n\n<h3 class=\"wp-block-heading\">Sinodalidad, colaboraci\u00f3n e inclusi\u00f3n<\/h3>\n\n\n\n<p>La sinodalidad \u2013una forma de proceder marcada por la escucha y la responsabilidad compartida\u2013 ha sido fundamental en el pontificado del Papa Francisco. El Papa Le\u00f3n XIV ha dejado claro que sigue siendo una prioridad para su papado, pidiendo estructuras y ministerios m\u00e1s \u00e1giles, transparentes, inclusivos y responsables, sensibles al Evangelio.<\/p>\n\n\n\n<p>El P. Sosa recoge ese llamamiento en el seno de la vida de la Compa\u00f1\u00eda, preguntando en su carta de convocatoria de la congregaci\u00f3n: \u201c\u00bfC\u00f3mo vivimos la sinodalidad en la Compa\u00f1\u00eda y c\u00f3mo podemos contribuir al crecimiento de una Iglesia sinodal?\u201d<\/p>\n\n\n\n<p>Tambi\u00e9n plantea preguntas concretas sobre c\u00f3mo se comparte la responsabilidad en la Compa\u00f1\u00eda, incluyendo lo que significa en la pr\u00e1ctica compartir la misi\u00f3n con colaboradores laicos, preguntando: \u201c\u00bfCu\u00e1l es la contribuci\u00f3n espec\u00edfica de la colaboraci\u00f3n de la mujer a la vida-misi\u00f3n de la Compa\u00f1\u00eda de Jes\u00fas?\u201d y \u201c\u00bfC\u00f3mo estamos integrando la participaci\u00f3n de creyentes de otras religiones o no-creyentes en los apostolados de la Compa\u00f1\u00eda?\u201d<\/p>\n\n\n\n<p><\/p>\n\n\n\n<figure class=\"wp-block-image aligncenter is-resized\"><img decoding=\"async\" src=\"https:\/\/www.jesuits.global\/sj_files\/2026\/04\/2026-04-15_cp72-announcement_mass.jpg\" alt=\"2026-04-15_cp72-announcement_mass\" style=\"width:546px;height:auto\" title=\"2026-04-15_cp72-announcement_mass\"\/><\/figure>\n\n\n\n<h3 class=\"wp-block-heading\">\u00bfQu\u00e9 es una Congregaci\u00f3n de Procuradores?<\/h3>\n\n\n\n<p>La Congregaci\u00f3n de Procuradores se estableci\u00f3 en 1565 como una forma de que la Compa\u00f1\u00eda reflexionara conjuntamente a nivel mundial entre sus asambleas de gobierno plenas. Se celebra cada cuatro a\u00f1os y su funci\u00f3n principal es asesorar al superior general sobre si se debe convocar una Congregaci\u00f3n General.<\/p>\n\n\n\n<p>Para esta reuni\u00f3n, cada provincia jesuita elige a un procurador \u2013un jesuita elegido para representar a sus compa\u00f1eros\u2013 que visita las comunidades y las obras apost\u00f3licas e informa sobre lo que observa. Las regiones y misiones que, no son provincias de pleno derecho, nombran representantes que asisten e informan, pero no votan.<\/p>\n\n\n\n<p>La congregaci\u00f3n no puede tomar decisiones vinculantes para toda la Compa\u00f1\u00eda, pero asesora al superior general sobre el estado de la Compa\u00f1\u00eda y vota sobre la convocatoria de una Congregaci\u00f3n General, el m\u00e1ximo \u00f3rgano de gobierno de la Compa\u00f1\u00eda y la \u00fanica asamblea con autoridad para elegir a un nuevo superior general. El P: Sosa ha invitado a los jesuitas y a todos aquellos que comparten su misi\u00f3n a acompa\u00f1ar el proceso en la oraci\u00f3n, confiando en \u201cDios, que resucit\u00f3 a Jes\u00fas, el crucificado-resucitado que nos invita a ser sus compa\u00f1eros de vida y misi\u00f3n\u201d.<\/p>\n\n\n<p>(Con informaci\u00f3n de <span style=\"color: #0000ff;\"><a style=\"color: #0000ff;\" href=\"https:\/\/www.jesuits.global\/es\/2026\/04\/15\/el-superior-general-convoca-la-72a-congregacion-de-procuradores-para-2027-en-indonesia\/\">Jesuits Global<\/a><\/span>)\u00a0<\/p>","protected":false},"excerpt":{"rendered":"<p>El Superior General Arturo Sosa SJ ha convocado la 72\u00aa Congregaci\u00f3n de Procuradores, que reunir\u00e1 en Indonesia, en octubre de 2027, a representantes de toda la Compa\u00f1\u00eda de Jes\u00fas. La reuni\u00f3n examinar\u00e1 c\u00f3mo deben reformarse las estructuras de la Compa\u00f1\u00eda para llevar adelante su misi\u00f3n, y votar\u00e1 si se convoca una Congregaci\u00f3n General, el m\u00e1ximo [&hellip;]<\/p>\n","protected":false},"author":1,"featured_media":32451,"comment_status":"open","ping_status":"open","sticky":false,"template":"","format":"standard","meta":{"_et_pb_use_builder":"off","_et_pb_old_content":"","_et_gb_content_width":"","_monsterinsights_skip_tracking":false,"_monsterinsights_sitenote_active":false,"_monsterinsights_sitenote_note":"","_monsterinsights_sitenote_category":0,"footnotes":""},"categories":[21],"tags":[],"class_list":["post-32450","post","type-post","status-publish","format-standard","has-post-thumbnail","hentry","category-mundo","et-has-post-format-content","et_post_format-et-post-format-standard"],"yoast_head":"<!-- This site is optimized with the Yoast SEO plugin v24.5 - https:\/\/yoast.com\/wordpress\/plugins\/seo\/ -->\n<title>El Superior General convoca la 72\u00aa Congregaci\u00f3n de Procuradores para 2027 en Indonesia - Noticias Jesuitas<\/title>\n<meta name=\"robots\" content=\"index, follow, max-snippet:-1, max-image-preview:large, max-video-preview:-1\" \/>\n<link rel=\"canonical\" href=\"https:\/\/noticias.jesuitas.pe\/2026\/04\/28\/el-superior-general-convoca-la-72a-congregacion-de-procuradores-para-2027-en-indonesia\/\" \/>\n<meta property=\"og:locale\" content=\"es_ES\" \/>\n<meta property=\"og:type\" content=\"article\" \/>\n<meta property=\"og:title\" content=\"El Superior General convoca la 72\u00aa Congregaci\u00f3n de Procuradores para 2027 en Indonesia - Noticias Jesuitas\" \/>\n<meta property=\"og:description\" content=\"El Superior General Arturo Sosa SJ ha convocado la 72\u00aa Congregaci\u00f3n de Procuradores, que reunir\u00e1 en Indonesia, en octubre de 2027, a representantes de toda la Compa\u00f1\u00eda de Jes\u00fas. La reuni\u00f3n examinar\u00e1 c\u00f3mo deben reformarse las estructuras de la Compa\u00f1\u00eda para llevar adelante su misi\u00f3n, y votar\u00e1 si se convoca una Congregaci\u00f3n General, el m\u00e1ximo [&hellip;]\" \/>\n<meta property=\"og:url\" content=\"https:\/\/noticias.jesuitas.pe\/2026\/04\/28\/el-superior-general-convoca-la-72a-congregacion-de-procuradores-para-2027-en-indonesia\/\" \/>\n<meta property=\"og:site_name\" content=\"Noticias Jesuitas\" \/>\n<meta property=\"article:published_time\" content=\"2026-04-28T17:05:28+00:00\" \/>\n<meta property=\"article:modified_time\" content=\"2026-04-28T17:05:30+00:00\" \/>\n<meta property=\"og:image\" content=\"https:\/\/noticias.jesuitas.pe\/wp-content\/uploads\/2026\/04\/portada-procuradores-web-.png\" \/>\n\t<meta property=\"og:image:width\" content=\"1024\" \/>\n\t<meta property=\"og:image:height\" content=\"650\" \/>\n\t<meta property=\"og:image:type\" content=\"image\/png\" \/>\n<meta name=\"author\" content=\"@adminjesu\" \/>\n<meta name=\"twitter:card\" content=\"summary_large_image\" \/>\n<meta name=\"twitter:label1\" content=\"Escrito por\" \/>\n\t<meta name=\"twitter:data1\" content=\"@adminjesu\" \/>\n\t<meta name=\"twitter:label2\" content=\"Tiempo de lectura\" \/>\n\t<meta name=\"twitter:data2\" content=\"6 minutos\" \/>\n<script type=\"application\/ld+json\" class=\"yoast-schema-graph\">{\"@context\":\"https:\/\/schema.org\",\"@graph\":[{\"@type\":\"Article\",\"@id\":\"https:\/\/noticias.jesuitas.pe\/2026\/04\/28\/el-superior-general-convoca-la-72a-congregacion-de-procuradores-para-2027-en-indonesia\/#article\",\"isPartOf\":{\"@id\":\"https:\/\/noticias.jesuitas.pe\/2026\/04\/28\/el-superior-general-convoca-la-72a-congregacion-de-procuradores-para-2027-en-indonesia\/\"},\"author\":{\"name\":\"@adminjesu\",\"@id\":\"https:\/\/noticias.jesuitas.pe\/#\/schema\/person\/b35c9a89df428379626120c919dd2d87\"},\"headline\":\"El Superior General convoca la 72\u00aa Congregaci\u00f3n de Procuradores para 2027 en Indonesia\",\"datePublished\":\"2026-04-28T17:05:28+00:00\",\"dateModified\":\"2026-04-28T17:05:30+00:00\",\"mainEntityOfPage\":{\"@id\":\"https:\/\/noticias.jesuitas.pe\/2026\/04\/28\/el-superior-general-convoca-la-72a-congregacion-de-procuradores-para-2027-en-indonesia\/\"},\"wordCount\":1145,\"commentCount\":0,\"publisher\":{\"@id\":\"https:\/\/noticias.jesuitas.pe\/#organization\"},\"image\":{\"@id\":\"https:\/\/noticias.jesuitas.pe\/2026\/04\/28\/el-superior-general-convoca-la-72a-congregacion-de-procuradores-para-2027-en-indonesia\/#primaryimage\"},\"thumbnailUrl\":\"https:\/\/noticias.jesuitas.pe\/wp-content\/uploads\/2026\/04\/portada-procuradores-web-.png\",\"articleSection\":[\"Mundo\"],\"inLanguage\":\"es\",\"potentialAction\":[{\"@type\":\"CommentAction\",\"name\":\"Comment\",\"target\":[\"https:\/\/noticias.jesuitas.pe\/2026\/04\/28\/el-superior-general-convoca-la-72a-congregacion-de-procuradores-para-2027-en-indonesia\/#respond\"]}]},{\"@type\":\"WebPage\",\"@id\":\"https:\/\/noticias.jesuitas.pe\/2026\/04\/28\/el-superior-general-convoca-la-72a-congregacion-de-procuradores-para-2027-en-indonesia\/\",\"url\":\"https:\/\/noticias.jesuitas.pe\/2026\/04\/28\/el-superior-general-convoca-la-72a-congregacion-de-procuradores-para-2027-en-indonesia\/\",\"name\":\"El Superior General convoca la 72\u00aa Congregaci\u00f3n de Procuradores para 2027 en Indonesia - Noticias Jesuitas\",\"isPartOf\":{\"@id\":\"https:\/\/noticias.jesuitas.pe\/#website\"},\"primaryImageOfPage\":{\"@id\":\"https:\/\/noticias.jesuitas.pe\/2026\/04\/28\/el-superior-general-convoca-la-72a-congregacion-de-procuradores-para-2027-en-indonesia\/#primaryimage\"},\"image\":{\"@id\":\"https:\/\/noticias.jesuitas.pe\/2026\/04\/28\/el-superior-general-convoca-la-72a-congregacion-de-procuradores-para-2027-en-indonesia\/#primaryimage\"},\"thumbnailUrl\":\"https:\/\/noticias.jesuitas.pe\/wp-content\/uploads\/2026\/04\/portada-procuradores-web-.png\",\"datePublished\":\"2026-04-28T17:05:28+00:00\",\"dateModified\":\"2026-04-28T17:05:30+00:00\",\"breadcrumb\":{\"@id\":\"https:\/\/noticias.jesuitas.pe\/2026\/04\/28\/el-superior-general-convoca-la-72a-congregacion-de-procuradores-para-2027-en-indonesia\/#breadcrumb\"},\"inLanguage\":\"es\",\"potentialAction\":[{\"@type\":\"ReadAction\",\"target\":[\"https:\/\/noticias.jesuitas.pe\/2026\/04\/28\/el-superior-general-convoca-la-72a-congregacion-de-procuradores-para-2027-en-indonesia\/\"]}]},{\"@type\":\"ImageObject\",\"inLanguage\":\"es\",\"@id\":\"https:\/\/noticias.jesuitas.pe\/2026\/04\/28\/el-superior-general-convoca-la-72a-congregacion-de-procuradores-para-2027-en-indonesia\/#primaryimage\",\"url\":\"https:\/\/noticias.jesuitas.pe\/wp-content\/uploads\/2026\/04\/portada-procuradores-web-.png\",\"contentUrl\":\"https:\/\/noticias.jesuitas.pe\/wp-content\/uploads\/2026\/04\/portada-procuradores-web-.png\",\"width\":1024,\"height\":650},{\"@type\":\"BreadcrumbList\",\"@id\":\"https:\/\/noticias.jesuitas.pe\/2026\/04\/28\/el-superior-general-convoca-la-72a-congregacion-de-procuradores-para-2027-en-indonesia\/#breadcrumb\",\"itemListElement\":[{\"@type\":\"ListItem\",\"position\":1,\"name\":\"Portada\",\"item\":\"https:\/\/noticias.jesuitas.pe\/\"},{\"@type\":\"ListItem\",\"position\":2,\"name\":\"El Superior General convoca la 72\u00aa Congregaci\u00f3n de Procuradores para 2027 en Indonesia\"}]},{\"@type\":\"WebSite\",\"@id\":\"https:\/\/noticias.jesuitas.pe\/#website\",\"url\":\"https:\/\/noticias.jesuitas.pe\/\",\"name\":\"Noticias Jesuitas\",\"description\":\"Jesuitas del Per\u00fa\",\"publisher\":{\"@id\":\"https:\/\/noticias.jesuitas.pe\/#organization\"},\"potentialAction\":[{\"@type\":\"SearchAction\",\"target\":{\"@type\":\"EntryPoint\",\"urlTemplate\":\"https:\/\/noticias.jesuitas.pe\/?s={search_term_string}\"},\"query-input\":{\"@type\":\"PropertyValueSpecification\",\"valueRequired\":true,\"valueName\":\"search_term_string\"}}],\"inLanguage\":\"es\"},{\"@type\":\"Organization\",\"@id\":\"https:\/\/noticias.jesuitas.pe\/#organization\",\"name\":\"Jesuitas Per\u00fa\",\"url\":\"https:\/\/noticias.jesuitas.pe\/\",\"logo\":{\"@type\":\"ImageObject\",\"inLanguage\":\"es\",\"@id\":\"https:\/\/noticias.jesuitas.pe\/#\/schema\/logo\/image\/\",\"url\":\"https:\/\/noticias.jesuitas.pe\/wp-content\/uploads\/2019\/08\/logo-noticias.png\",\"contentUrl\":\"https:\/\/noticias.jesuitas.pe\/wp-content\/uploads\/2019\/08\/logo-noticias.png\",\"width\":600,\"height\":154,\"caption\":\"Jesuitas Per\u00fa\"},\"image\":{\"@id\":\"https:\/\/noticias.jesuitas.pe\/#\/schema\/logo\/image\/\"}},{\"@type\":\"Person\",\"@id\":\"https:\/\/noticias.jesuitas.pe\/#\/schema\/person\/b35c9a89df428379626120c919dd2d87\",\"name\":\"@adminjesu\",\"image\":{\"@type\":\"ImageObject\",\"inLanguage\":\"es\",\"@id\":\"https:\/\/noticias.jesuitas.pe\/#\/schema\/person\/image\/\",\"url\":\"https:\/\/secure.gravatar.com\/avatar\/d2004afa05dad3e33696882e0904bf7a?s=96&d=mm&r=g\",\"contentUrl\":\"https:\/\/secure.gravatar.com\/avatar\/d2004afa05dad3e33696882e0904bf7a?s=96&d=mm&r=g\",\"caption\":\"@adminjesu\"}}]}<\/script>\n<!-- \/ Yoast SEO plugin. -->","yoast_head_json":{"title":"El Superior General convoca la 72\u00aa Congregaci\u00f3n de Procuradores para 2027 en Indonesia - Noticias Jesuitas","robots":{"index":"index","follow":"follow","max-snippet":"max-snippet:-1","max-image-preview":"max-image-preview:large","max-video-preview":"max-video-preview:-1"},"canonical":"https:\/\/noticias.jesuitas.pe\/2026\/04\/28\/el-superior-general-convoca-la-72a-congregacion-de-procuradores-para-2027-en-indonesia\/","og_locale":"es_ES","og_type":"article","og_title":"El Superior General convoca la 72\u00aa Congregaci\u00f3n de Procuradores para 2027 en Indonesia - Noticias Jesuitas","og_description":"El Superior General Arturo Sosa SJ ha convocado la 72\u00aa Congregaci\u00f3n de Procuradores, que reunir\u00e1 en Indonesia, en octubre de 2027, a representantes de toda la Compa\u00f1\u00eda de Jes\u00fas. La reuni\u00f3n examinar\u00e1 c\u00f3mo deben reformarse las estructuras de la Compa\u00f1\u00eda para llevar adelante su misi\u00f3n, y votar\u00e1 si se convoca una Congregaci\u00f3n General, el m\u00e1ximo [&hellip;]","og_url":"https:\/\/noticias.jesuitas.pe\/2026\/04\/28\/el-superior-general-convoca-la-72a-congregacion-de-procuradores-para-2027-en-indonesia\/","og_site_name":"Noticias Jesuitas","article_published_time":"2026-04-28T17:05:28+00:00","article_modified_time":"2026-04-28T17:05:30+00:00","og_image":[{"width":1024,"height":650,"url":"https:\/\/noticias.jesuitas.pe\/wp-content\/uploads\/2026\/04\/portada-procuradores-web-.png","type":"image\/png"}],"author":"@adminjesu","twitter_card":"summary_large_image","twitter_misc":{"Escrito por":"@adminjesu","Tiempo de lectura":"6 minutos"},"schema":{"@context":"https:\/\/schema.org","@graph":[{"@type":"Article","@id":"https:\/\/noticias.jesuitas.pe\/2026\/04\/28\/el-superior-general-convoca-la-72a-congregacion-de-procuradores-para-2027-en-indonesia\/#article","isPartOf":{"@id":"https:\/\/noticias.jesuitas.pe\/2026\/04\/28\/el-superior-general-convoca-la-72a-congregacion-de-procuradores-para-2027-en-indonesia\/"},"author":{"name":"@adminjesu","@id":"https:\/\/noticias.jesuitas.pe\/#\/schema\/person\/b35c9a89df428379626120c919dd2d87"},"headline":"El Superior General convoca la 72\u00aa Congregaci\u00f3n de Procuradores para 2027 en Indonesia","datePublished":"2026-04-28T17:05:28+00:00","dateModified":"2026-04-28T17:05:30+00:00","mainEntityOfPage":{"@id":"https:\/\/noticias.jesuitas.pe\/2026\/04\/28\/el-superior-general-convoca-la-72a-congregacion-de-procuradores-para-2027-en-indonesia\/"},"wordCount":1145,"commentCount":0,"publisher":{"@id":"https:\/\/noticias.jesuitas.pe\/#organization"},"image":{"@id":"https:\/\/noticias.jesuitas.pe\/2026\/04\/28\/el-superior-general-convoca-la-72a-congregacion-de-procuradores-para-2027-en-indonesia\/#primaryimage"},"thumbnailUrl":"https:\/\/noticias.jesuitas.pe\/wp-content\/uploads\/2026\/04\/portada-procuradores-web-.png","articleSection":["Mundo"],"inLanguage":"es","potentialAction":[{"@type":"CommentAction","name":"Comment","target":["https:\/\/noticias.jesuitas.pe\/2026\/04\/28\/el-superior-general-convoca-la-72a-congregacion-de-procuradores-para-2027-en-indonesia\/#respond"]}]},{"@type":"WebPage","@id":"https:\/\/noticias.jesuitas.pe\/2026\/04\/28\/el-superior-general-convoca-la-72a-congregacion-de-procuradores-para-2027-en-indonesia\/","url":"https:\/\/noticias.jesuitas.pe\/2026\/04\/28\/el-superior-general-convoca-la-72a-congregacion-de-procuradores-para-2027-en-indonesia\/","name":"El Superior General convoca la 72\u00aa Congregaci\u00f3n de Procuradores para 2027 en Indonesia - Noticias Jesuitas","isPartOf":{"@id":"https:\/\/noticias.jesuitas.pe\/#website"},"primaryImageOfPage":{"@id":"https:\/\/noticias.jesuitas.pe\/2026\/04\/28\/el-superior-general-convoca-la-72a-congregacion-de-procuradores-para-2027-en-indonesia\/#primaryimage"},"image":{"@id":"https:\/\/noticias.jesuitas.pe\/2026\/04\/28\/el-superior-general-convoca-la-72a-congregacion-de-procuradores-para-2027-en-indonesia\/#primaryimage"},"thumbnailUrl":"https:\/\/noticias.jesuitas.pe\/wp-content\/uploads\/2026\/04\/portada-procuradores-web-.png","datePublished":"2026-04-28T17:05:28+00:00","dateModified":"2026-04-28T17:05:30+00:00","breadcrumb":{"@id":"https:\/\/noticias.jesuitas.pe\/2026\/04\/28\/el-superior-general-convoca-la-72a-congregacion-de-procuradores-para-2027-en-indonesia\/#breadcrumb"},"inLanguage":"es","potentialAction":[{"@type":"ReadAction","target":["https:\/\/noticias.jesuitas.pe\/2026\/04\/28\/el-superior-general-convoca-la-72a-congregacion-de-procuradores-para-2027-en-indonesia\/"]}]},{"@type":"ImageObject","inLanguage":"es","@id":"https:\/\/noticias.jesuitas.pe\/2026\/04\/28\/el-superior-general-convoca-la-72a-congregacion-de-procuradores-para-2027-en-indonesia\/#primaryimage","url":"https:\/\/noticias.jesuitas.pe\/wp-content\/uploads\/2026\/04\/portada-procuradores-web-.png","contentUrl":"https:\/\/noticias.jesuitas.pe\/wp-content\/uploads\/2026\/04\/portada-procuradores-web-.png","width":1024,"height":650},{"@type":"BreadcrumbList","@id":"https:\/\/noticias.jesuitas.pe\/2026\/04\/28\/el-superior-general-convoca-la-72a-congregacion-de-procuradores-para-2027-en-indonesia\/#breadcrumb","itemListElement":[{"@type":"ListItem","position":1,"name":"Portada","item":"https:\/\/noticias.jesuitas.pe\/"},{"@type":"ListItem","position":2,"name":"El Superior General convoca la 72\u00aa Congregaci\u00f3n de Procuradores para 2027 en Indonesia"}]},{"@type":"WebSite","@id":"https:\/\/noticias.jesuitas.pe\/#website","url":"https:\/\/noticias.jesuitas.pe\/","name":"Noticias Jesuitas","description":"Jesuitas del Per\u00fa","publisher":{"@id":"https:\/\/noticias.jesuitas.pe\/#organization"},"potentialAction":[{"@type":"SearchAction","target":{"@type":"EntryPoint","urlTemplate":"https:\/\/noticias.jesuitas.pe\/?s={search_term_string}"},"query-input":{"@type":"PropertyValueSpecification","valueRequired":true,"valueName":"search_term_string"}}],"inLanguage":"es"},{"@type":"Organization","@id":"https:\/\/noticias.jesuitas.pe\/#organization","name":"Jesuitas Per\u00fa","url":"https:\/\/noticias.jesuitas.pe\/","logo":{"@type":"ImageObject","inLanguage":"es","@id":"https:\/\/noticias.jesuitas.pe\/#\/schema\/logo\/image\/","url":"https:\/\/noticias.jesuitas.pe\/wp-content\/uploads\/2019\/08\/logo-noticias.png","contentUrl":"https:\/\/noticias.jesuitas.pe\/wp-content\/uploads\/2019\/08\/logo-noticias.png","width":600,"height":154,"caption":"Jesuitas Per\u00fa"},"image":{"@id":"https:\/\/noticias.jesuitas.pe\/#\/schema\/logo\/image\/"}},{"@type":"Person","@id":"https:\/\/noticias.jesuitas.pe\/#\/schema\/person\/b35c9a89df428379626120c919dd2d87","name":"@adminjesu","image":{"@type":"ImageObject","inLanguage":"es","@id":"https:\/\/noticias.jesuitas.pe\/#\/schema\/person\/image\/","url":"https:\/\/secure.gravatar.com\/avatar\/d2004afa05dad3e33696882e0904bf7a?s=96&d=mm&r=g","contentUrl":"https:\/\/secure.gravatar.com\/avatar\/d2004afa05dad3e33696882e0904bf7a?s=96&d=mm&r=g","caption":"@adminjesu"}}]}},"_links":{"self":[{"href":"https:\/\/noticias.jesuitas.pe\/wp-json\/wp\/v2\/posts\/32450","targetHints":{"allow":["GET"]}}],"collection":[{"href":"https:\/\/noticias.jesuitas.pe\/wp-json\/wp\/v2\/posts"}],"about":[{"href":"https:\/\/noticias.jesuitas.pe\/wp-json\/wp\/v2\/types\/post"}],"author":[{"embeddable":true,"href":"https:\/\/noticias.jesuitas.pe\/wp-json\/wp\/v2\/users\/1"}],"replies":[{"embeddable":true,"href":"https:\/\/noticias.jesuitas.pe\/wp-json\/wp\/v2\/comments?post=32450"}],"version-history":[{"count":1,"href":"https:\/\/noticias.jesuitas.pe\/wp-json\/wp\/v2\/posts\/32450\/revisions"}],"predecessor-version":[{"id":32452,"href":"https:\/\/noticias.jesuitas.pe\/wp-json\/wp\/v2\/posts\/32450\/revisions\/32452"}],"wp:featuredmedia":[{"embeddable":true,"href":"https:\/\/noticias.jesuitas.pe\/wp-json\/wp\/v2\/media\/32451"}],"wp:attachment":[{"href":"https:\/\/noticias.jesuitas.pe\/wp-json\/wp\/v2\/media?parent=32450"}],"wp:term":[{"taxonomy":"category","embeddable":true,"href":"https:\/\/noticias.jesuitas.pe\/wp-json\/wp\/v2\/categories?post=32450"},{"taxonomy":"post_tag","embeddable":true,"href":"https:\/\/noticias.jesuitas.pe\/wp-json\/wp\/v2\/tags?post=32450"}],"curies":[{"name":"wp","href":"https:\/\/api.w.org\/{rel}","templated":true}]}},{"id":32447,"date":"2026-04-28T16:51:14","date_gmt":"2026-04-28T16:51:14","guid":{"rendered":"https:\/\/noticias.jesuitas.pe\/?p=32447"},"modified":"2026-04-28T16:51:16","modified_gmt":"2026-04-28T16:51:16","slug":"nueva-coordinadora-de-la-red-claver","status":"publish","type":"post","link":"https:\/\/noticias.jesuitas.pe\/2026\/04\/28\/nueva-coordinadora-de-la-red-claver\/","title":{"rendered":"Nueva Coordinadora de la Red Claver"},"content":{"rendered":"\n<p>El P. Rafael Garrido SJ, presidente de la Conferencia de Provinciales Jesuitas de Am\u00e9rica Latina y el Caribe (CPAL), ha nombrado a\u00a0Paola Moreno N\u00fa\u00f1ez como nueva Coordinadora de la Red CLAVER, que agrupa a todas las Oficinas de Desarrollo de las Provincias jesuitas que integran la CPAL. <\/p>\n\n\n\n<p>Paola es soci\u00f3loga ecuatoriana, cuenta con una maestr\u00eda sobre Migraci\u00f3n, Investigaci\u00f3n e Intervenci\u00f3n Social de la Universidad Pontificia de Comillas (Espa\u00f1a), y una especializaci\u00f3n de la Universidad Andina Sim\u00f3n Bol\u00edvar sobre Derechos Humanos con menci\u00f3n en Reparaci\u00f3n Integral. Ha desarrollado su experiencia profesional en la gesti\u00f3n de proyectos en los \u00e1mbitos de movilidad humana, pol\u00edticas p\u00fablicas, desarrollo local, ni\u00f1ez y violencia basada en g\u00e9nero. Entre 2021 y 2022 asesor\u00f3 la construcci\u00f3n del Plan Apost\u00f3lico 2023 \u2013 2028 de la provincia de Ecuador, y desde 2023 coordina la Oficina de Desarrollo provincial. Actualmente est\u00e1 terminando su maestr\u00eda en Derechos Humanos con menci\u00f3n en Exigibilidad Estrat\u00e9gica, en la Universidad Andina Sim\u00f3n Bol\u00edvar.<\/p>\n\n\n<p>(Con informaci\u00f3n de la <span style=\"color: #0000ff;\"><a style=\"color: #0000ff;\" href=\"https:\/\/jesuitas.lat\/2026\/04\/16\/nueva-coordinadora-de-la-red-claver\/\">CPAL<\/a><\/span>)\u00a0<\/p>","protected":false},"excerpt":{"rendered":"<p>El P. Rafael Garrido SJ, presidente de la Conferencia de Provinciales Jesuitas de Am\u00e9rica Latina y el Caribe (CPAL), ha nombrado a\u00a0Paola Moreno N\u00fa\u00f1ez como nueva Coordinadora de la Red CLAVER, que agrupa a todas las Oficinas de Desarrollo de las Provincias jesuitas que integran la CPAL. Paola es soci\u00f3loga ecuatoriana, cuenta con una maestr\u00eda [&hellip;]<\/p>\n","protected":false},"author":1,"featured_media":32448,"comment_status":"open","ping_status":"open","sticky":false,"template":"","format":"standard","meta":{"_et_pb_use_builder":"off","_et_pb_old_content":"","_et_gb_content_width":"","_monsterinsights_skip_tracking":false,"_monsterinsights_sitenote_active":false,"_monsterinsights_sitenote_note":"","_monsterinsights_sitenote_category":0,"footnotes":""},"categories":[20],"tags":[],"class_list":["post-32447","post","type-post","status-publish","format-standard","has-post-thumbnail","hentry","category-america-latina","et-has-post-format-content","et_post_format-et-post-format-standard"],"yoast_head":"<!-- This site is optimized with the Yoast SEO plugin v24.5 - https:\/\/yoast.com\/wordpress\/plugins\/seo\/ -->\n<title>Nueva Coordinadora de la Red Claver - Noticias Jesuitas<\/title>\n<meta name=\"robots\" content=\"index, follow, max-snippet:-1, max-image-preview:large, max-video-preview:-1\" \/>\n<link rel=\"canonical\" href=\"https:\/\/noticias.jesuitas.pe\/2026\/04\/28\/nueva-coordinadora-de-la-red-claver\/\" \/>\n<meta property=\"og:locale\" content=\"es_ES\" \/>\n<meta property=\"og:type\" content=\"article\" \/>\n<meta property=\"og:title\" content=\"Nueva Coordinadora de la Red Claver - Noticias Jesuitas\" \/>\n<meta property=\"og:description\" content=\"El P. Rafael Garrido SJ, presidente de la Conferencia de Provinciales Jesuitas de Am\u00e9rica Latina y el Caribe (CPAL), ha nombrado a\u00a0Paola Moreno N\u00fa\u00f1ez como nueva Coordinadora de la Red CLAVER, que agrupa a todas las Oficinas de Desarrollo de las Provincias jesuitas que integran la CPAL. Paola es soci\u00f3loga ecuatoriana, cuenta con una maestr\u00eda [&hellip;]\" \/>\n<meta property=\"og:url\" content=\"https:\/\/noticias.jesuitas.pe\/2026\/04\/28\/nueva-coordinadora-de-la-red-claver\/\" \/>\n<meta property=\"og:site_name\" content=\"Noticias Jesuitas\" \/>\n<meta property=\"article:published_time\" content=\"2026-04-28T16:51:14+00:00\" \/>\n<meta property=\"article:modified_time\" content=\"2026-04-28T16:51:16+00:00\" \/>\n<meta property=\"og:image\" content=\"https:\/\/noticias.jesuitas.pe\/wp-content\/uploads\/2026\/04\/portada-Paola-Moreno-CLAVER.png\" \/>\n\t<meta property=\"og:image:width\" content=\"1024\" \/>\n\t<meta property=\"og:image:height\" content=\"650\" \/>\n\t<meta property=\"og:image:type\" content=\"image\/png\" \/>\n<meta name=\"author\" content=\"@adminjesu\" \/>\n<meta name=\"twitter:card\" content=\"summary_large_image\" \/>\n<meta name=\"twitter:label1\" content=\"Escrito por\" \/>\n\t<meta name=\"twitter:data1\" content=\"@adminjesu\" \/>\n\t<meta name=\"twitter:label2\" content=\"Tiempo de lectura\" \/>\n\t<meta name=\"twitter:data2\" content=\"1 minuto\" \/>\n<script type=\"application\/ld+json\" class=\"yoast-schema-graph\">{\"@context\":\"https:\/\/schema.org\",\"@graph\":[{\"@type\":\"Article\",\"@id\":\"https:\/\/noticias.jesuitas.pe\/2026\/04\/28\/nueva-coordinadora-de-la-red-claver\/#article\",\"isPartOf\":{\"@id\":\"https:\/\/noticias.jesuitas.pe\/2026\/04\/28\/nueva-coordinadora-de-la-red-claver\/\"},\"author\":{\"name\":\"@adminjesu\",\"@id\":\"https:\/\/noticias.jesuitas.pe\/#\/schema\/person\/b35c9a89df428379626120c919dd2d87\"},\"headline\":\"Nueva Coordinadora de la Red Claver\",\"datePublished\":\"2026-04-28T16:51:14+00:00\",\"dateModified\":\"2026-04-28T16:51:16+00:00\",\"mainEntityOfPage\":{\"@id\":\"https:\/\/noticias.jesuitas.pe\/2026\/04\/28\/nueva-coordinadora-de-la-red-claver\/\"},\"wordCount\":189,\"commentCount\":0,\"publisher\":{\"@id\":\"https:\/\/noticias.jesuitas.pe\/#organization\"},\"image\":{\"@id\":\"https:\/\/noticias.jesuitas.pe\/2026\/04\/28\/nueva-coordinadora-de-la-red-claver\/#primaryimage\"},\"thumbnailUrl\":\"https:\/\/noticias.jesuitas.pe\/wp-content\/uploads\/2026\/04\/portada-Paola-Moreno-CLAVER.png\",\"articleSection\":[\"Am\u00e9rica Latina\"],\"inLanguage\":\"es\",\"potentialAction\":[{\"@type\":\"CommentAction\",\"name\":\"Comment\",\"target\":[\"https:\/\/noticias.jesuitas.pe\/2026\/04\/28\/nueva-coordinadora-de-la-red-claver\/#respond\"]}]},{\"@type\":\"WebPage\",\"@id\":\"https:\/\/noticias.jesuitas.pe\/2026\/04\/28\/nueva-coordinadora-de-la-red-claver\/\",\"url\":\"https:\/\/noticias.jesuitas.pe\/2026\/04\/28\/nueva-coordinadora-de-la-red-claver\/\",\"name\":\"Nueva Coordinadora de la Red Claver - Noticias Jesuitas\",\"isPartOf\":{\"@id\":\"https:\/\/noticias.jesuitas.pe\/#website\"},\"primaryImageOfPage\":{\"@id\":\"https:\/\/noticias.jesuitas.pe\/2026\/04\/28\/nueva-coordinadora-de-la-red-claver\/#primaryimage\"},\"image\":{\"@id\":\"https:\/\/noticias.jesuitas.pe\/2026\/04\/28\/nueva-coordinadora-de-la-red-claver\/#primaryimage\"},\"thumbnailUrl\":\"https:\/\/noticias.jesuitas.pe\/wp-content\/uploads\/2026\/04\/portada-Paola-Moreno-CLAVER.png\",\"datePublished\":\"2026-04-28T16:51:14+00:00\",\"dateModified\":\"2026-04-28T16:51:16+00:00\",\"breadcrumb\":{\"@id\":\"https:\/\/noticias.jesuitas.pe\/2026\/04\/28\/nueva-coordinadora-de-la-red-claver\/#breadcrumb\"},\"inLanguage\":\"es\",\"potentialAction\":[{\"@type\":\"ReadAction\",\"target\":[\"https:\/\/noticias.jesuitas.pe\/2026\/04\/28\/nueva-coordinadora-de-la-red-claver\/\"]}]},{\"@type\":\"ImageObject\",\"inLanguage\":\"es\",\"@id\":\"https:\/\/noticias.jesuitas.pe\/2026\/04\/28\/nueva-coordinadora-de-la-red-claver\/#primaryimage\",\"url\":\"https:\/\/noticias.jesuitas.pe\/wp-content\/uploads\/2026\/04\/portada-Paola-Moreno-CLAVER.png\",\"contentUrl\":\"https:\/\/noticias.jesuitas.pe\/wp-content\/uploads\/2026\/04\/portada-Paola-Moreno-CLAVER.png\",\"width\":1024,\"height\":650},{\"@type\":\"BreadcrumbList\",\"@id\":\"https:\/\/noticias.jesuitas.pe\/2026\/04\/28\/nueva-coordinadora-de-la-red-claver\/#breadcrumb\",\"itemListElement\":[{\"@type\":\"ListItem\",\"position\":1,\"name\":\"Portada\",\"item\":\"https:\/\/noticias.jesuitas.pe\/\"},{\"@type\":\"ListItem\",\"position\":2,\"name\":\"Nueva Coordinadora de la Red Claver\"}]},{\"@type\":\"WebSite\",\"@id\":\"https:\/\/noticias.jesuitas.pe\/#website\",\"url\":\"https:\/\/noticias.jesuitas.pe\/\",\"name\":\"Noticias Jesuitas\",\"description\":\"Jesuitas del Per\u00fa\",\"publisher\":{\"@id\":\"https:\/\/noticias.jesuitas.pe\/#organization\"},\"potentialAction\":[{\"@type\":\"SearchAction\",\"target\":{\"@type\":\"EntryPoint\",\"urlTemplate\":\"https:\/\/noticias.jesuitas.pe\/?s={search_term_string}\"},\"query-input\":{\"@type\":\"PropertyValueSpecification\",\"valueRequired\":true,\"valueName\":\"search_term_string\"}}],\"inLanguage\":\"es\"},{\"@type\":\"Organization\",\"@id\":\"https:\/\/noticias.jesuitas.pe\/#organization\",\"name\":\"Jesuitas Per\u00fa\",\"url\":\"https:\/\/noticias.jesuitas.pe\/\",\"logo\":{\"@type\":\"ImageObject\",\"inLanguage\":\"es\",\"@id\":\"https:\/\/noticias.jesuitas.pe\/#\/schema\/logo\/image\/\",\"url\":\"https:\/\/noticias.jesuitas.pe\/wp-content\/uploads\/2019\/08\/logo-noticias.png\",\"contentUrl\":\"https:\/\/noticias.jesuitas.pe\/wp-content\/uploads\/2019\/08\/logo-noticias.png\",\"width\":600,\"height\":154,\"caption\":\"Jesuitas Per\u00fa\"},\"image\":{\"@id\":\"https:\/\/noticias.jesuitas.pe\/#\/schema\/logo\/image\/\"}},{\"@type\":\"Person\",\"@id\":\"https:\/\/noticias.jesuitas.pe\/#\/schema\/person\/b35c9a89df428379626120c919dd2d87\",\"name\":\"@adminjesu\",\"image\":{\"@type\":\"ImageObject\",\"inLanguage\":\"es\",\"@id\":\"https:\/\/noticias.jesuitas.pe\/#\/schema\/person\/image\/\",\"url\":\"https:\/\/secure.gravatar.com\/avatar\/d2004afa05dad3e33696882e0904bf7a?s=96&d=mm&r=g\",\"contentUrl\":\"https:\/\/secure.gravatar.com\/avatar\/d2004afa05dad3e33696882e0904bf7a?s=96&d=mm&r=g\",\"caption\":\"@adminjesu\"}}]}<\/script>\n<!-- \/ Yoast SEO plugin. -->","yoast_head_json":{"title":"Nueva Coordinadora de la Red Claver - Noticias Jesuitas","robots":{"index":"index","follow":"follow","max-snippet":"max-snippet:-1","max-image-preview":"max-image-preview:large","max-video-preview":"max-video-preview:-1"},"canonical":"https:\/\/noticias.jesuitas.pe\/2026\/04\/28\/nueva-coordinadora-de-la-red-claver\/","og_locale":"es_ES","og_type":"article","og_title":"Nueva Coordinadora de la Red Claver - Noticias Jesuitas","og_description":"El P. Rafael Garrido SJ, presidente de la Conferencia de Provinciales Jesuitas de Am\u00e9rica Latina y el Caribe (CPAL), ha nombrado a\u00a0Paola Moreno N\u00fa\u00f1ez como nueva Coordinadora de la Red CLAVER, que agrupa a todas las Oficinas de Desarrollo de las Provincias jesuitas que integran la CPAL. Paola es soci\u00f3loga ecuatoriana, cuenta con una maestr\u00eda [&hellip;]","og_url":"https:\/\/noticias.jesuitas.pe\/2026\/04\/28\/nueva-coordinadora-de-la-red-claver\/","og_site_name":"Noticias Jesuitas","article_published_time":"2026-04-28T16:51:14+00:00","article_modified_time":"2026-04-28T16:51:16+00:00","og_image":[{"width":1024,"height":650,"url":"https:\/\/noticias.jesuitas.pe\/wp-content\/uploads\/2026\/04\/portada-Paola-Moreno-CLAVER.png","type":"image\/png"}],"author":"@adminjesu","twitter_card":"summary_large_image","twitter_misc":{"Escrito por":"@adminjesu","Tiempo de lectura":"1 minuto"},"schema":{"@context":"https:\/\/schema.org","@graph":[{"@type":"Article","@id":"https:\/\/noticias.jesuitas.pe\/2026\/04\/28\/nueva-coordinadora-de-la-red-claver\/#article","isPartOf":{"@id":"https:\/\/noticias.jesuitas.pe\/2026\/04\/28\/nueva-coordinadora-de-la-red-claver\/"},"author":{"name":"@adminjesu","@id":"https:\/\/noticias.jesuitas.pe\/#\/schema\/person\/b35c9a89df428379626120c919dd2d87"},"headline":"Nueva Coordinadora de la Red Claver","datePublished":"2026-04-28T16:51:14+00:00","dateModified":"2026-04-28T16:51:16+00:00","mainEntityOfPage":{"@id":"https:\/\/noticias.jesuitas.pe\/2026\/04\/28\/nueva-coordinadora-de-la-red-claver\/"},"wordCount":189,"commentCount":0,"publisher":{"@id":"https:\/\/noticias.jesuitas.pe\/#organization"},"image":{"@id":"https:\/\/noticias.jesuitas.pe\/2026\/04\/28\/nueva-coordinadora-de-la-red-claver\/#primaryimage"},"thumbnailUrl":"https:\/\/noticias.jesuitas.pe\/wp-content\/uploads\/2026\/04\/portada-Paola-Moreno-CLAVER.png","articleSection":["Am\u00e9rica Latina"],"inLanguage":"es","potentialAction":[{"@type":"CommentAction","name":"Comment","target":["https:\/\/noticias.jesuitas.pe\/2026\/04\/28\/nueva-coordinadora-de-la-red-claver\/#respond"]}]},{"@type":"WebPage","@id":"https:\/\/noticias.jesuitas.pe\/2026\/04\/28\/nueva-coordinadora-de-la-red-claver\/","url":"https:\/\/noticias.jesuitas.pe\/2026\/04\/28\/nueva-coordinadora-de-la-red-claver\/","name":"Nueva Coordinadora de la Red Claver - Noticias Jesuitas","isPartOf":{"@id":"https:\/\/noticias.jesuitas.pe\/#website"},"primaryImageOfPage":{"@id":"https:\/\/noticias.jesuitas.pe\/2026\/04\/28\/nueva-coordinadora-de-la-red-claver\/#primaryimage"},"image":{"@id":"https:\/\/noticias.jesuitas.pe\/2026\/04\/28\/nueva-coordinadora-de-la-red-claver\/#primaryimage"},"thumbnailUrl":"https:\/\/noticias.jesuitas.pe\/wp-content\/uploads\/2026\/04\/portada-Paola-Moreno-CLAVER.png","datePublished":"2026-04-28T16:51:14+00:00","dateModified":"2026-04-28T16:51:16+00:00","breadcrumb":{"@id":"https:\/\/noticias.jesuitas.pe\/2026\/04\/28\/nueva-coordinadora-de-la-red-claver\/#breadcrumb"},"inLanguage":"es","potentialAction":[{"@type":"ReadAction","target":["https:\/\/noticias.jesuitas.pe\/2026\/04\/28\/nueva-coordinadora-de-la-red-claver\/"]}]},{"@type":"ImageObject","inLanguage":"es","@id":"https:\/\/noticias.jesuitas.pe\/2026\/04\/28\/nueva-coordinadora-de-la-red-claver\/#primaryimage","url":"https:\/\/noticias.jesuitas.pe\/wp-content\/uploads\/2026\/04\/portada-Paola-Moreno-CLAVER.png","contentUrl":"https:\/\/noticias.jesuitas.pe\/wp-content\/uploads\/2026\/04\/portada-Paola-Moreno-CLAVER.png","width":1024,"height":650},{"@type":"BreadcrumbList","@id":"https:\/\/noticias.jesuitas.pe\/2026\/04\/28\/nueva-coordinadora-de-la-red-claver\/#breadcrumb","itemListElement":[{"@type":"ListItem","position":1,"name":"Portada","item":"https:\/\/noticias.jesuitas.pe\/"},{"@type":"ListItem","position":2,"name":"Nueva Coordinadora de la Red Claver"}]},{"@type":"WebSite","@id":"https:\/\/noticias.jesuitas.pe\/#website","url":"https:\/\/noticias.jesuitas.pe\/","name":"Noticias Jesuitas","description":"Jesuitas del Per\u00fa","publisher":{"@id":"https:\/\/noticias.jesuitas.pe\/#organization"},"potentialAction":[{"@type":"SearchAction","target":{"@type":"EntryPoint","urlTemplate":"https:\/\/noticias.jesuitas.pe\/?s={search_term_string}"},"query-input":{"@type":"PropertyValueSpecification","valueRequired":true,"valueName":"search_term_string"}}],"inLanguage":"es"},{"@type":"Organization","@id":"https:\/\/noticias.jesuitas.pe\/#organization","name":"Jesuitas Per\u00fa","url":"https:\/\/noticias.jesuitas.pe\/","logo":{"@type":"ImageObject","inLanguage":"es","@id":"https:\/\/noticias.jesuitas.pe\/#\/schema\/logo\/image\/","url":"https:\/\/noticias.jesuitas.pe\/wp-content\/uploads\/2019\/08\/logo-noticias.png","contentUrl":"https:\/\/noticias.jesuitas.pe\/wp-content\/uploads\/2019\/08\/logo-noticias.png","width":600,"height":154,"caption":"Jesuitas Per\u00fa"},"image":{"@id":"https:\/\/noticias.jesuitas.pe\/#\/schema\/logo\/image\/"}},{"@type":"Person","@id":"https:\/\/noticias.jesuitas.pe\/#\/schema\/person\/b35c9a89df428379626120c919dd2d87","name":"@adminjesu","image":{"@type":"ImageObject","inLanguage":"es","@id":"https:\/\/noticias.jesuitas.pe\/#\/schema\/person\/image\/","url":"https:\/\/secure.gravatar.com\/avatar\/d2004afa05dad3e33696882e0904bf7a?s=96&d=mm&r=g","contentUrl":"https:\/\/secure.gravatar.com\/avatar\/d2004afa05dad3e33696882e0904bf7a?s=96&d=mm&r=g","caption":"@adminjesu"}}]}},"_links":{"self":[{"href":"https:\/\/noticias.jesuitas.pe\/wp-json\/wp\/v2\/posts\/32447","targetHints":{"allow":["GET"]}}],"collection":[{"href":"https:\/\/noticias.jesuitas.pe\/wp-json\/wp\/v2\/posts"}],"about":[{"href":"https:\/\/noticias.jesuitas.pe\/wp-json\/wp\/v2\/types\/post"}],"author":[{"embeddable":true,"href":"https:\/\/noticias.jesuitas.pe\/wp-json\/wp\/v2\/users\/1"}],"replies":[{"embeddable":true,"href":"https:\/\/noticias.jesuitas.pe\/wp-json\/wp\/v2\/comments?post=32447"}],"version-history":[{"count":1,"href":"https:\/\/noticias.jesuitas.pe\/wp-json\/wp\/v2\/posts\/32447\/revisions"}],"predecessor-version":[{"id":32449,"href":"https:\/\/noticias.jesuitas.pe\/wp-json\/wp\/v2\/posts\/32447\/revisions\/32449"}],"wp:featuredmedia":[{"embeddable":true,"href":"https:\/\/noticias.jesuitas.pe\/wp-json\/wp\/v2\/media\/32448"}],"wp:attachment":[{"href":"https:\/\/noticias.jesuitas.pe\/wp-json\/wp\/v2\/media?parent=32447"}],"wp:term":[{"taxonomy":"category","embeddable":true,"href":"https:\/\/noticias.jesuitas.pe\/wp-json\/wp\/v2\/categories?post=32447"},{"taxonomy":"post_tag","embeddable":true,"href":"https:\/\/noticias.jesuitas.pe\/wp-json\/wp\/v2\/tags?post=32447"}],"curies":[{"name":"wp","href":"https:\/\/api.w.org\/{rel}","templated":true}]}},{"id":32440,"date":"2026-04-28T16:40:49","date_gmt":"2026-04-28T16:40:49","guid":{"rendered":"https:\/\/noticias.jesuitas.pe\/?p=32440"},"modified":"2026-04-28T16:40:51","modified_gmt":"2026-04-28T16:40:51","slug":"encuentro-presencial-2026-del-equipo-ampliado-del-presidente-de-la-cpal","status":"publish","type":"post","link":"https:\/\/noticias.jesuitas.pe\/2026\/04\/28\/encuentro-presencial-2026-del-equipo-ampliado-del-presidente-de-la-cpal\/","title":{"rendered":"Encuentro presencial 2026 del Equipo Ampliado del presidente de la CPAL"},"content":{"rendered":"\n<p>En un ambiente reflexivo y fraterno, se llev\u00f3 a cabo, del 13 al 17 de abril en Chaclacayo (Per\u00fa), el encuentro presencial 2026 del Equipo Ampliado del Presidente de la Conferencia de Provinciales de Am\u00e9rica Latina y el Caribe (CPAL), el P. Rafael Garrido SJ, reuniendo a l\u00edderes de las redes y grupos, junto al equipo central de la Conferencia.<\/p>\n\n\n\n<p>Durante el encuentro, cada una de las redes, grupos o iniciativas de la conferencia comparti\u00f3 los esfuerzos que realiza, lo que permiti\u00f3 que las personas que comienzan su gesti\u00f3n puedan conocer de cerca el trabajo que realizan y mostr\u00f3 el panorama de lo que se viene desarrollando en la atenci\u00f3n a la misi\u00f3n encomendada.<\/p>\n\n\n\n<p>Adem\u00e1s, se pudo identificar las experiencias actuales y las nuevas oportunidades que brindan los acuerdos entre redes. El resultado fue muy esperanzador, ya que se lograron proyectar muchas nuevas posibilidades que los retan a empe\u00f1arse en articular cada vez m\u00e1s la acci\u00f3n apost\u00f3lica.<\/p>\n\n\n\n<p>Tambi\u00e9n se tuvo la oportunidad de \u00abplantear un esquema de planificaci\u00f3n que permita mirar juntos la transformaci\u00f3n que se quiere impulsar a trav\u00e9s de nuestra acci\u00f3n apost\u00f3lica, y que nos ayude a realizar un examen adecuado de lo que hacemos en la conferencia, con el fin de aprender y lograr mejoras a la hora de responder a nuestra misi\u00f3n\u00bb, detall\u00f3 el Presidente de la Conferencia.<\/p>\n\n\n\n<p>La CPAL agradece la participaci\u00f3n de cada uno de los l\u00edderes de las redes y grupos, junto a sus respectivos secretarios ejecutivos, y de manera especial al equipo organizador del encuentro, conformado por el H. Raimundo Barros SJ (Secretario de la CPAL), el P. Agnaldo Junior SJ (Delegado Socioambiental CPAL), Adriana C\u00e1rdenas (Secretaria Ejecutiva FLACSI y Asistente del Presidente de la CPAL para la Educaci\u00f3n), Mercedes Sol\u00eds (Asistente Ejecutiva CPAL) y Mar\u00eda Eugenia Carrizo (Secretaria Ejecutiva SJPAM).<\/p>\n\n\n\n<p>Este camino recorrido reafirma la importancia de seguir fortaleciendo el trabajo en red, discerniendo juntos y apostando por una misi\u00f3n cada vez m\u00e1s articulada. Con esp\u00edritu de colaboraci\u00f3n y esperanza, la CPAL contin\u00faa su compromiso de aprender de la experiencia, evaluar su quehacer y responder con mayor profundidad a los desaf\u00edos de nuestro tiempo, al servicio de la misi\u00f3n.<\/p>\n\n\n\n<p><\/p>\n\n\n\n<figure class=\"wp-block-gallery has-nested-images columns-4 is-cropped wp-block-gallery-4 is-layout-flex wp-block-gallery-is-layout-flex\">\n<figure data-wp-context=\"{&quot;imageId&quot;:&quot;69f22639cbf98&quot;}\" data-wp-interactive=\"core\/image\" class=\"wp-block-image size-large wp-lightbox-container\"><img loading=\"lazy\" decoding=\"async\" width=\"1024\" height=\"683\" data-wp-class--hide=\"state.isContentHidden\" data-wp-class--show=\"state.isContentVisible\" data-wp-init=\"callbacks.setButtonStyles\" data-wp-on-async--click=\"actions.showLightbox\" data-wp-on-async--load=\"callbacks.setButtonStyles\" data-wp-on-async-window--resize=\"callbacks.setButtonStyles\" data-id=\"32444\" src=\"https:\/\/noticias.jesuitas.pe\/wp-content\/uploads\/2026\/04\/675511907_972799581972191_7130680769554798871_n-1024x683.jpg\" alt=\"\" class=\"wp-image-32444\" srcset=\"https:\/\/noticias.jesuitas.pe\/wp-content\/uploads\/2026\/04\/675511907_972799581972191_7130680769554798871_n-1024x683.jpg 1024w, https:\/\/noticias.jesuitas.pe\/wp-content\/uploads\/2026\/04\/675511907_972799581972191_7130680769554798871_n-300x200.jpg 300w, https:\/\/noticias.jesuitas.pe\/wp-content\/uploads\/2026\/04\/675511907_972799581972191_7130680769554798871_n-768x512.jpg 768w, https:\/\/noticias.jesuitas.pe\/wp-content\/uploads\/2026\/04\/675511907_972799581972191_7130680769554798871_n-1536x1025.jpg 1536w, https:\/\/noticias.jesuitas.pe\/wp-content\/uploads\/2026\/04\/675511907_972799581972191_7130680769554798871_n-1080x720.jpg 1080w, https:\/\/noticias.jesuitas.pe\/wp-content\/uploads\/2026\/04\/675511907_972799581972191_7130680769554798871_n.jpg 2048w\" sizes=\"(max-width: 1024px) 100vw, 1024px\" \/><button\n\t\t\tclass=\"lightbox-trigger\"\n\t\t\ttype=\"button\"\n\t\t\taria-haspopup=\"dialog\"\n\t\t\taria-label=\"Ampliar la imagen\"\n\t\t\tdata-wp-init=\"callbacks.initTriggerButton\"\n\t\t\tdata-wp-on-async--click=\"actions.showLightbox\"\n\t\t\tdata-wp-style--right=\"state.imageButtonRight\"\n\t\t\tdata-wp-style--top=\"state.imageButtonTop\"\n\t\t>\n\t\t\t<svg xmlns=\"http:\/\/www.w3.org\/2000\/svg\" width=\"12\" height=\"12\" fill=\"none\" viewBox=\"0 0 12 12\">\n\t\t\t\t<path fill=\"#fff\" d=\"M2 0a2 2 0 0 0-2 2v2h1.5V2a.5.5 0 0 1 .5-.5h2V0H2Zm2 10.5H2a.5.5 0 0 1-.5-.5V8H0v2a2 2 0 0 0 2 2h2v-1.5ZM8 12v-1.5h2a.5.5 0 0 0 .5-.5V8H12v2a2 2 0 0 1-2 2H8Zm2-12a2 2 0 0 1 2 2v2h-1.5V2a.5.5 0 0 0-.5-.5H8V0h2Z\" \/>\n\t\t\t<\/svg>\n\t\t<\/button><\/figure>\n\n\n\n<figure data-wp-context=\"{&quot;imageId&quot;:&quot;69f22639cc5dc&quot;}\" data-wp-interactive=\"core\/image\" class=\"wp-block-image size-large wp-lightbox-container\"><img loading=\"lazy\" decoding=\"async\" width=\"1024\" height=\"683\" data-wp-class--hide=\"state.isContentHidden\" data-wp-class--show=\"state.isContentVisible\" data-wp-init=\"callbacks.setButtonStyles\" data-wp-on-async--click=\"actions.showLightbox\" data-wp-on-async--load=\"callbacks.setButtonStyles\" data-wp-on-async-window--resize=\"callbacks.setButtonStyles\" data-id=\"32445\" src=\"https:\/\/noticias.jesuitas.pe\/wp-content\/uploads\/2026\/04\/673489304_972799561972193_6224199963098840247_n-1024x683.jpg\" alt=\"\" class=\"wp-image-32445\" srcset=\"https:\/\/noticias.jesuitas.pe\/wp-content\/uploads\/2026\/04\/673489304_972799561972193_6224199963098840247_n-1024x683.jpg 1024w, https:\/\/noticias.jesuitas.pe\/wp-content\/uploads\/2026\/04\/673489304_972799561972193_6224199963098840247_n-300x200.jpg 300w, https:\/\/noticias.jesuitas.pe\/wp-content\/uploads\/2026\/04\/673489304_972799561972193_6224199963098840247_n-768x512.jpg 768w, https:\/\/noticias.jesuitas.pe\/wp-content\/uploads\/2026\/04\/673489304_972799561972193_6224199963098840247_n-1536x1024.jpg 1536w, https:\/\/noticias.jesuitas.pe\/wp-content\/uploads\/2026\/04\/673489304_972799561972193_6224199963098840247_n-1080x720.jpg 1080w, https:\/\/noticias.jesuitas.pe\/wp-content\/uploads\/2026\/04\/673489304_972799561972193_6224199963098840247_n.jpg 2048w\" sizes=\"(max-width: 1024px) 100vw, 1024px\" \/><button\n\t\t\tclass=\"lightbox-trigger\"\n\t\t\ttype=\"button\"\n\t\t\taria-haspopup=\"dialog\"\n\t\t\taria-label=\"Ampliar la imagen\"\n\t\t\tdata-wp-init=\"callbacks.initTriggerButton\"\n\t\t\tdata-wp-on-async--click=\"actions.showLightbox\"\n\t\t\tdata-wp-style--right=\"state.imageButtonRight\"\n\t\t\tdata-wp-style--top=\"state.imageButtonTop\"\n\t\t>\n\t\t\t<svg xmlns=\"http:\/\/www.w3.org\/2000\/svg\" width=\"12\" height=\"12\" fill=\"none\" viewBox=\"0 0 12 12\">\n\t\t\t\t<path fill=\"#fff\" d=\"M2 0a2 2 0 0 0-2 2v2h1.5V2a.5.5 0 0 1 .5-.5h2V0H2Zm2 10.5H2a.5.5 0 0 1-.5-.5V8H0v2a2 2 0 0 0 2 2h2v-1.5ZM8 12v-1.5h2a.5.5 0 0 0 .5-.5V8H12v2a2 2 0 0 1-2 2H8Zm2-12a2 2 0 0 1 2 2v2h-1.5V2a.5.5 0 0 0-.5-.5H8V0h2Z\" \/>\n\t\t\t<\/svg>\n\t\t<\/button><\/figure>\n\n\n\n<figure data-wp-context=\"{&quot;imageId&quot;:&quot;69f22639ccec9&quot;}\" data-wp-interactive=\"core\/image\" class=\"wp-block-image size-large wp-lightbox-container\"><img loading=\"lazy\" decoding=\"async\" width=\"1024\" height=\"683\" data-wp-class--hide=\"state.isContentHidden\" data-wp-class--show=\"state.isContentVisible\" data-wp-init=\"callbacks.setButtonStyles\" data-wp-on-async--click=\"actions.showLightbox\" data-wp-on-async--load=\"callbacks.setButtonStyles\" data-wp-on-async-window--resize=\"callbacks.setButtonStyles\" data-id=\"32443\" src=\"https:\/\/noticias.jesuitas.pe\/wp-content\/uploads\/2026\/04\/672670481_972799525305530_6757002878705252653_n-1024x683.jpg\" alt=\"\" class=\"wp-image-32443\" srcset=\"https:\/\/noticias.jesuitas.pe\/wp-content\/uploads\/2026\/04\/672670481_972799525305530_6757002878705252653_n-1024x683.jpg 1024w, https:\/\/noticias.jesuitas.pe\/wp-content\/uploads\/2026\/04\/672670481_972799525305530_6757002878705252653_n-300x200.jpg 300w, https:\/\/noticias.jesuitas.pe\/wp-content\/uploads\/2026\/04\/672670481_972799525305530_6757002878705252653_n-768x512.jpg 768w, https:\/\/noticias.jesuitas.pe\/wp-content\/uploads\/2026\/04\/672670481_972799525305530_6757002878705252653_n-1536x1025.jpg 1536w, https:\/\/noticias.jesuitas.pe\/wp-content\/uploads\/2026\/04\/672670481_972799525305530_6757002878705252653_n-1080x720.jpg 1080w, https:\/\/noticias.jesuitas.pe\/wp-content\/uploads\/2026\/04\/672670481_972799525305530_6757002878705252653_n.jpg 2048w\" sizes=\"(max-width: 1024px) 100vw, 1024px\" \/><button\n\t\t\tclass=\"lightbox-trigger\"\n\t\t\ttype=\"button\"\n\t\t\taria-haspopup=\"dialog\"\n\t\t\taria-label=\"Ampliar la imagen\"\n\t\t\tdata-wp-init=\"callbacks.initTriggerButton\"\n\t\t\tdata-wp-on-async--click=\"actions.showLightbox\"\n\t\t\tdata-wp-style--right=\"state.imageButtonRight\"\n\t\t\tdata-wp-style--top=\"state.imageButtonTop\"\n\t\t>\n\t\t\t<svg xmlns=\"http:\/\/www.w3.org\/2000\/svg\" width=\"12\" height=\"12\" fill=\"none\" viewBox=\"0 0 12 12\">\n\t\t\t\t<path fill=\"#fff\" d=\"M2 0a2 2 0 0 0-2 2v2h1.5V2a.5.5 0 0 1 .5-.5h2V0H2Zm2 10.5H2a.5.5 0 0 1-.5-.5V8H0v2a2 2 0 0 0 2 2h2v-1.5ZM8 12v-1.5h2a.5.5 0 0 0 .5-.5V8H12v2a2 2 0 0 1-2 2H8Zm2-12a2 2 0 0 1 2 2v2h-1.5V2a.5.5 0 0 0-.5-.5H8V0h2Z\" \/>\n\t\t\t<\/svg>\n\t\t<\/button><\/figure>\n\n\n\n<figure data-wp-context=\"{&quot;imageId&quot;:&quot;69f22639cd50c&quot;}\" data-wp-interactive=\"core\/image\" class=\"wp-block-image size-large wp-lightbox-container\"><img loading=\"lazy\" decoding=\"async\" width=\"1024\" height=\"683\" data-wp-class--hide=\"state.isContentHidden\" data-wp-class--show=\"state.isContentVisible\" data-wp-init=\"callbacks.setButtonStyles\" data-wp-on-async--click=\"actions.showLightbox\" data-wp-on-async--load=\"callbacks.setButtonStyles\" data-wp-on-async-window--resize=\"callbacks.setButtonStyles\" data-id=\"32442\" src=\"https:\/\/noticias.jesuitas.pe\/wp-content\/uploads\/2026\/04\/672220859_972799488638867_5258478448859117902_n-1024x683.jpg\" alt=\"\" class=\"wp-image-32442\" srcset=\"https:\/\/noticias.jesuitas.pe\/wp-content\/uploads\/2026\/04\/672220859_972799488638867_5258478448859117902_n-1024x683.jpg 1024w, https:\/\/noticias.jesuitas.pe\/wp-content\/uploads\/2026\/04\/672220859_972799488638867_5258478448859117902_n-300x200.jpg 300w, https:\/\/noticias.jesuitas.pe\/wp-content\/uploads\/2026\/04\/672220859_972799488638867_5258478448859117902_n-768x512.jpg 768w, https:\/\/noticias.jesuitas.pe\/wp-content\/uploads\/2026\/04\/672220859_972799488638867_5258478448859117902_n-1536x1025.jpg 1536w, https:\/\/noticias.jesuitas.pe\/wp-content\/uploads\/2026\/04\/672220859_972799488638867_5258478448859117902_n-1080x720.jpg 1080w, https:\/\/noticias.jesuitas.pe\/wp-content\/uploads\/2026\/04\/672220859_972799488638867_5258478448859117902_n.jpg 2048w\" sizes=\"(max-width: 1024px) 100vw, 1024px\" \/><button\n\t\t\tclass=\"lightbox-trigger\"\n\t\t\ttype=\"button\"\n\t\t\taria-haspopup=\"dialog\"\n\t\t\taria-label=\"Ampliar la imagen\"\n\t\t\tdata-wp-init=\"callbacks.initTriggerButton\"\n\t\t\tdata-wp-on-async--click=\"actions.showLightbox\"\n\t\t\tdata-wp-style--right=\"state.imageButtonRight\"\n\t\t\tdata-wp-style--top=\"state.imageButtonTop\"\n\t\t>\n\t\t\t<svg xmlns=\"http:\/\/www.w3.org\/2000\/svg\" width=\"12\" height=\"12\" fill=\"none\" viewBox=\"0 0 12 12\">\n\t\t\t\t<path fill=\"#fff\" d=\"M2 0a2 2 0 0 0-2 2v2h1.5V2a.5.5 0 0 1 .5-.5h2V0H2Zm2 10.5H2a.5.5 0 0 1-.5-.5V8H0v2a2 2 0 0 0 2 2h2v-1.5ZM8 12v-1.5h2a.5.5 0 0 0 .5-.5V8H12v2a2 2 0 0 1-2 2H8Zm2-12a2 2 0 0 1 2 2v2h-1.5V2a.5.5 0 0 0-.5-.5H8V0h2Z\" \/>\n\t\t\t<\/svg>\n\t\t<\/button><\/figure>\n<\/figure>\n\n\n<p>(Con informaci\u00f3n de la <span style=\"color: #0000ff;\"><a style=\"color: #0000ff;\" href=\"https:\/\/jesuitas.lat\/2026\/04\/18\/encuentro-presencial-2026-del-equipo-ampliado-cpal-en-peru\/\">CPAL<\/a><\/span>)\u00a0<\/p>","protected":false},"excerpt":{"rendered":"<p>En un ambiente reflexivo y fraterno, se llev\u00f3 a cabo, del 13 al 17 de abril en Chaclacayo (Per\u00fa), el encuentro presencial 2026 del Equipo Ampliado del Presidente de la Conferencia de Provinciales de Am\u00e9rica Latina y el Caribe (CPAL), el P. Rafael Garrido SJ, reuniendo a l\u00edderes de las redes y grupos, junto al [&hellip;]<\/p>\n","protected":false},"author":1,"featured_media":32441,"comment_status":"open","ping_status":"open","sticky":false,"template":"","format":"standard","meta":{"_et_pb_use_builder":"off","_et_pb_old_content":"","_et_gb_content_width":"","_monsterinsights_skip_tracking":false,"_monsterinsights_sitenote_active":false,"_monsterinsights_sitenote_note":"","_monsterinsights_sitenote_category":0,"footnotes":""},"categories":[20],"tags":[],"class_list":["post-32440","post","type-post","status-publish","format-standard","has-post-thumbnail","hentry","category-america-latina","et-has-post-format-content","et_post_format-et-post-format-standard"],"yoast_head":"<!-- This site is optimized with the Yoast SEO plugin v24.5 - https:\/\/yoast.com\/wordpress\/plugins\/seo\/ -->\n<title>Encuentro presencial 2026 del Equipo Ampliado del presidente de la CPAL - Noticias Jesuitas<\/title>\n<meta name=\"robots\" content=\"index, follow, max-snippet:-1, max-image-preview:large, max-video-preview:-1\" \/>\n<link rel=\"canonical\" href=\"https:\/\/noticias.jesuitas.pe\/2026\/04\/28\/encuentro-presencial-2026-del-equipo-ampliado-del-presidente-de-la-cpal\/\" \/>\n<meta property=\"og:locale\" content=\"es_ES\" \/>\n<meta property=\"og:type\" content=\"article\" \/>\n<meta property=\"og:title\" content=\"Encuentro presencial 2026 del Equipo Ampliado del presidente de la CPAL - Noticias Jesuitas\" \/>\n<meta property=\"og:description\" content=\"En un ambiente reflexivo y fraterno, se llev\u00f3 a cabo, del 13 al 17 de abril en Chaclacayo (Per\u00fa), el encuentro presencial 2026 del Equipo Ampliado del Presidente de la Conferencia de Provinciales de Am\u00e9rica Latina y el Caribe (CPAL), el P. Rafael Garrido SJ, reuniendo a l\u00edderes de las redes y grupos, junto al [&hellip;]\" \/>\n<meta property=\"og:url\" content=\"https:\/\/noticias.jesuitas.pe\/2026\/04\/28\/encuentro-presencial-2026-del-equipo-ampliado-del-presidente-de-la-cpal\/\" \/>\n<meta property=\"og:site_name\" content=\"Noticias Jesuitas\" \/>\n<meta property=\"article:published_time\" content=\"2026-04-28T16:40:49+00:00\" \/>\n<meta property=\"article:modified_time\" content=\"2026-04-28T16:40:51+00:00\" \/>\n<meta property=\"og:image\" content=\"https:\/\/noticias.jesuitas.pe\/wp-content\/uploads\/2026\/04\/portada-equipoampliado-cpal-web.png\" \/>\n\t<meta property=\"og:image:width\" content=\"1024\" \/>\n\t<meta property=\"og:image:height\" content=\"650\" \/>\n\t<meta property=\"og:image:type\" content=\"image\/png\" \/>\n<meta name=\"author\" content=\"@adminjesu\" \/>\n<meta name=\"twitter:card\" content=\"summary_large_image\" \/>\n<meta name=\"twitter:label1\" content=\"Escrito por\" \/>\n\t<meta name=\"twitter:data1\" content=\"@adminjesu\" \/>\n\t<meta name=\"twitter:label2\" content=\"Tiempo de lectura\" \/>\n\t<meta name=\"twitter:data2\" content=\"3 minutos\" \/>\n<script type=\"application\/ld+json\" class=\"yoast-schema-graph\">{\"@context\":\"https:\/\/schema.org\",\"@graph\":[{\"@type\":\"Article\",\"@id\":\"https:\/\/noticias.jesuitas.pe\/2026\/04\/28\/encuentro-presencial-2026-del-equipo-ampliado-del-presidente-de-la-cpal\/#article\",\"isPartOf\":{\"@id\":\"https:\/\/noticias.jesuitas.pe\/2026\/04\/28\/encuentro-presencial-2026-del-equipo-ampliado-del-presidente-de-la-cpal\/\"},\"author\":{\"name\":\"@adminjesu\",\"@id\":\"https:\/\/noticias.jesuitas.pe\/#\/schema\/person\/b35c9a89df428379626120c919dd2d87\"},\"headline\":\"Encuentro presencial 2026 del Equipo Ampliado del presidente de la CPAL\",\"datePublished\":\"2026-04-28T16:40:49+00:00\",\"dateModified\":\"2026-04-28T16:40:51+00:00\",\"mainEntityOfPage\":{\"@id\":\"https:\/\/noticias.jesuitas.pe\/2026\/04\/28\/encuentro-presencial-2026-del-equipo-ampliado-del-presidente-de-la-cpal\/\"},\"wordCount\":401,\"commentCount\":0,\"publisher\":{\"@id\":\"https:\/\/noticias.jesuitas.pe\/#organization\"},\"image\":{\"@id\":\"https:\/\/noticias.jesuitas.pe\/2026\/04\/28\/encuentro-presencial-2026-del-equipo-ampliado-del-presidente-de-la-cpal\/#primaryimage\"},\"thumbnailUrl\":\"https:\/\/noticias.jesuitas.pe\/wp-content\/uploads\/2026\/04\/portada-equipoampliado-cpal-web.png\",\"articleSection\":[\"Am\u00e9rica Latina\"],\"inLanguage\":\"es\",\"potentialAction\":[{\"@type\":\"CommentAction\",\"name\":\"Comment\",\"target\":[\"https:\/\/noticias.jesuitas.pe\/2026\/04\/28\/encuentro-presencial-2026-del-equipo-ampliado-del-presidente-de-la-cpal\/#respond\"]}]},{\"@type\":\"WebPage\",\"@id\":\"https:\/\/noticias.jesuitas.pe\/2026\/04\/28\/encuentro-presencial-2026-del-equipo-ampliado-del-presidente-de-la-cpal\/\",\"url\":\"https:\/\/noticias.jesuitas.pe\/2026\/04\/28\/encuentro-presencial-2026-del-equipo-ampliado-del-presidente-de-la-cpal\/\",\"name\":\"Encuentro presencial 2026 del Equipo Ampliado del presidente de la CPAL - Noticias Jesuitas\",\"isPartOf\":{\"@id\":\"https:\/\/noticias.jesuitas.pe\/#website\"},\"primaryImageOfPage\":{\"@id\":\"https:\/\/noticias.jesuitas.pe\/2026\/04\/28\/encuentro-presencial-2026-del-equipo-ampliado-del-presidente-de-la-cpal\/#primaryimage\"},\"image\":{\"@id\":\"https:\/\/noticias.jesuitas.pe\/2026\/04\/28\/encuentro-presencial-2026-del-equipo-ampliado-del-presidente-de-la-cpal\/#primaryimage\"},\"thumbnailUrl\":\"https:\/\/noticias.jesuitas.pe\/wp-content\/uploads\/2026\/04\/portada-equipoampliado-cpal-web.png\",\"datePublished\":\"2026-04-28T16:40:49+00:00\",\"dateModified\":\"2026-04-28T16:40:51+00:00\",\"breadcrumb\":{\"@id\":\"https:\/\/noticias.jesuitas.pe\/2026\/04\/28\/encuentro-presencial-2026-del-equipo-ampliado-del-presidente-de-la-cpal\/#breadcrumb\"},\"inLanguage\":\"es\",\"potentialAction\":[{\"@type\":\"ReadAction\",\"target\":[\"https:\/\/noticias.jesuitas.pe\/2026\/04\/28\/encuentro-presencial-2026-del-equipo-ampliado-del-presidente-de-la-cpal\/\"]}]},{\"@type\":\"ImageObject\",\"inLanguage\":\"es\",\"@id\":\"https:\/\/noticias.jesuitas.pe\/2026\/04\/28\/encuentro-presencial-2026-del-equipo-ampliado-del-presidente-de-la-cpal\/#primaryimage\",\"url\":\"https:\/\/noticias.jesuitas.pe\/wp-content\/uploads\/2026\/04\/portada-equipoampliado-cpal-web.png\",\"contentUrl\":\"https:\/\/noticias.jesuitas.pe\/wp-content\/uploads\/2026\/04\/portada-equipoampliado-cpal-web.png\",\"width\":1024,\"height\":650},{\"@type\":\"BreadcrumbList\",\"@id\":\"https:\/\/noticias.jesuitas.pe\/2026\/04\/28\/encuentro-presencial-2026-del-equipo-ampliado-del-presidente-de-la-cpal\/#breadcrumb\",\"itemListElement\":[{\"@type\":\"ListItem\",\"position\":1,\"name\":\"Portada\",\"item\":\"https:\/\/noticias.jesuitas.pe\/\"},{\"@type\":\"ListItem\",\"position\":2,\"name\":\"Encuentro presencial 2026 del Equipo Ampliado del presidente de la CPAL\"}]},{\"@type\":\"WebSite\",\"@id\":\"https:\/\/noticias.jesuitas.pe\/#website\",\"url\":\"https:\/\/noticias.jesuitas.pe\/\",\"name\":\"Noticias Jesuitas\",\"description\":\"Jesuitas del Per\u00fa\",\"publisher\":{\"@id\":\"https:\/\/noticias.jesuitas.pe\/#organization\"},\"potentialAction\":[{\"@type\":\"SearchAction\",\"target\":{\"@type\":\"EntryPoint\",\"urlTemplate\":\"https:\/\/noticias.jesuitas.pe\/?s={search_term_string}\"},\"query-input\":{\"@type\":\"PropertyValueSpecification\",\"valueRequired\":true,\"valueName\":\"search_term_string\"}}],\"inLanguage\":\"es\"},{\"@type\":\"Organization\",\"@id\":\"https:\/\/noticias.jesuitas.pe\/#organization\",\"name\":\"Jesuitas Per\u00fa\",\"url\":\"https:\/\/noticias.jesuitas.pe\/\",\"logo\":{\"@type\":\"ImageObject\",\"inLanguage\":\"es\",\"@id\":\"https:\/\/noticias.jesuitas.pe\/#\/schema\/logo\/image\/\",\"url\":\"https:\/\/noticias.jesuitas.pe\/wp-content\/uploads\/2019\/08\/logo-noticias.png\",\"contentUrl\":\"https:\/\/noticias.jesuitas.pe\/wp-content\/uploads\/2019\/08\/logo-noticias.png\",\"width\":600,\"height\":154,\"caption\":\"Jesuitas Per\u00fa\"},\"image\":{\"@id\":\"https:\/\/noticias.jesuitas.pe\/#\/schema\/logo\/image\/\"}},{\"@type\":\"Person\",\"@id\":\"https:\/\/noticias.jesuitas.pe\/#\/schema\/person\/b35c9a89df428379626120c919dd2d87\",\"name\":\"@adminjesu\",\"image\":{\"@type\":\"ImageObject\",\"inLanguage\":\"es\",\"@id\":\"https:\/\/noticias.jesuitas.pe\/#\/schema\/person\/image\/\",\"url\":\"https:\/\/secure.gravatar.com\/avatar\/d2004afa05dad3e33696882e0904bf7a?s=96&d=mm&r=g\",\"contentUrl\":\"https:\/\/secure.gravatar.com\/avatar\/d2004afa05dad3e33696882e0904bf7a?s=96&d=mm&r=g\",\"caption\":\"@adminjesu\"}}]}<\/script>\n<!-- \/ Yoast SEO plugin. -->","yoast_head_json":{"title":"Encuentro presencial 2026 del Equipo Ampliado del presidente de la CPAL - Noticias Jesuitas","robots":{"index":"index","follow":"follow","max-snippet":"max-snippet:-1","max-image-preview":"max-image-preview:large","max-video-preview":"max-video-preview:-1"},"canonical":"https:\/\/noticias.jesuitas.pe\/2026\/04\/28\/encuentro-presencial-2026-del-equipo-ampliado-del-presidente-de-la-cpal\/","og_locale":"es_ES","og_type":"article","og_title":"Encuentro presencial 2026 del Equipo Ampliado del presidente de la CPAL - Noticias Jesuitas","og_description":"En un ambiente reflexivo y fraterno, se llev\u00f3 a cabo, del 13 al 17 de abril en Chaclacayo (Per\u00fa), el encuentro presencial 2026 del Equipo Ampliado del Presidente de la Conferencia de Provinciales de Am\u00e9rica Latina y el Caribe (CPAL), el P. Rafael Garrido SJ, reuniendo a l\u00edderes de las redes y grupos, junto al [&hellip;]","og_url":"https:\/\/noticias.jesuitas.pe\/2026\/04\/28\/encuentro-presencial-2026-del-equipo-ampliado-del-presidente-de-la-cpal\/","og_site_name":"Noticias Jesuitas","article_published_time":"2026-04-28T16:40:49+00:00","article_modified_time":"2026-04-28T16:40:51+00:00","og_image":[{"width":1024,"height":650,"url":"https:\/\/noticias.jesuitas.pe\/wp-content\/uploads\/2026\/04\/portada-equipoampliado-cpal-web.png","type":"image\/png"}],"author":"@adminjesu","twitter_card":"summary_large_image","twitter_misc":{"Escrito por":"@adminjesu","Tiempo de lectura":"3 minutos"},"schema":{"@context":"https:\/\/schema.org","@graph":[{"@type":"Article","@id":"https:\/\/noticias.jesuitas.pe\/2026\/04\/28\/encuentro-presencial-2026-del-equipo-ampliado-del-presidente-de-la-cpal\/#article","isPartOf":{"@id":"https:\/\/noticias.jesuitas.pe\/2026\/04\/28\/encuentro-presencial-2026-del-equipo-ampliado-del-presidente-de-la-cpal\/"},"author":{"name":"@adminjesu","@id":"https:\/\/noticias.jesuitas.pe\/#\/schema\/person\/b35c9a89df428379626120c919dd2d87"},"headline":"Encuentro presencial 2026 del Equipo Ampliado del presidente de la CPAL","datePublished":"2026-04-28T16:40:49+00:00","dateModified":"2026-04-28T16:40:51+00:00","mainEntityOfPage":{"@id":"https:\/\/noticias.jesuitas.pe\/2026\/04\/28\/encuentro-presencial-2026-del-equipo-ampliado-del-presidente-de-la-cpal\/"},"wordCount":401,"commentCount":0,"publisher":{"@id":"https:\/\/noticias.jesuitas.pe\/#organization"},"image":{"@id":"https:\/\/noticias.jesuitas.pe\/2026\/04\/28\/encuentro-presencial-2026-del-equipo-ampliado-del-presidente-de-la-cpal\/#primaryimage"},"thumbnailUrl":"https:\/\/noticias.jesuitas.pe\/wp-content\/uploads\/2026\/04\/portada-equipoampliado-cpal-web.png","articleSection":["Am\u00e9rica Latina"],"inLanguage":"es","potentialAction":[{"@type":"CommentAction","name":"Comment","target":["https:\/\/noticias.jesuitas.pe\/2026\/04\/28\/encuentro-presencial-2026-del-equipo-ampliado-del-presidente-de-la-cpal\/#respond"]}]},{"@type":"WebPage","@id":"https:\/\/noticias.jesuitas.pe\/2026\/04\/28\/encuentro-presencial-2026-del-equipo-ampliado-del-presidente-de-la-cpal\/","url":"https:\/\/noticias.jesuitas.pe\/2026\/04\/28\/encuentro-presencial-2026-del-equipo-ampliado-del-presidente-de-la-cpal\/","name":"Encuentro presencial 2026 del Equipo Ampliado del presidente de la CPAL - Noticias Jesuitas","isPartOf":{"@id":"https:\/\/noticias.jesuitas.pe\/#website"},"primaryImageOfPage":{"@id":"https:\/\/noticias.jesuitas.pe\/2026\/04\/28\/encuentro-presencial-2026-del-equipo-ampliado-del-presidente-de-la-cpal\/#primaryimage"},"image":{"@id":"https:\/\/noticias.jesuitas.pe\/2026\/04\/28\/encuentro-presencial-2026-del-equipo-ampliado-del-presidente-de-la-cpal\/#primaryimage"},"thumbnailUrl":"https:\/\/noticias.jesuitas.pe\/wp-content\/uploads\/2026\/04\/portada-equipoampliado-cpal-web.png","datePublished":"2026-04-28T16:40:49+00:00","dateModified":"2026-04-28T16:40:51+00:00","breadcrumb":{"@id":"https:\/\/noticias.jesuitas.pe\/2026\/04\/28\/encuentro-presencial-2026-del-equipo-ampliado-del-presidente-de-la-cpal\/#breadcrumb"},"inLanguage":"es","potentialAction":[{"@type":"ReadAction","target":["https:\/\/noticias.jesuitas.pe\/2026\/04\/28\/encuentro-presencial-2026-del-equipo-ampliado-del-presidente-de-la-cpal\/"]}]},{"@type":"ImageObject","inLanguage":"es","@id":"https:\/\/noticias.jesuitas.pe\/2026\/04\/28\/encuentro-presencial-2026-del-equipo-ampliado-del-presidente-de-la-cpal\/#primaryimage","url":"https:\/\/noticias.jesuitas.pe\/wp-content\/uploads\/2026\/04\/portada-equipoampliado-cpal-web.png","contentUrl":"https:\/\/noticias.jesuitas.pe\/wp-content\/uploads\/2026\/04\/portada-equipoampliado-cpal-web.png","width":1024,"height":650},{"@type":"BreadcrumbList","@id":"https:\/\/noticias.jesuitas.pe\/2026\/04\/28\/encuentro-presencial-2026-del-equipo-ampliado-del-presidente-de-la-cpal\/#breadcrumb","itemListElement":[{"@type":"ListItem","position":1,"name":"Portada","item":"https:\/\/noticias.jesuitas.pe\/"},{"@type":"ListItem","position":2,"name":"Encuentro presencial 2026 del Equipo Ampliado del presidente de la CPAL"}]},{"@type":"WebSite","@id":"https:\/\/noticias.jesuitas.pe\/#website","url":"https:\/\/noticias.jesuitas.pe\/","name":"Noticias Jesuitas","description":"Jesuitas del Per\u00fa","publisher":{"@id":"https:\/\/noticias.jesuitas.pe\/#organization"},"potentialAction":[{"@type":"SearchAction","target":{"@type":"EntryPoint","urlTemplate":"https:\/\/noticias.jesuitas.pe\/?s={search_term_string}"},"query-input":{"@type":"PropertyValueSpecification","valueRequired":true,"valueName":"search_term_string"}}],"inLanguage":"es"},{"@type":"Organization","@id":"https:\/\/noticias.jesuitas.pe\/#organization","name":"Jesuitas Per\u00fa","url":"https:\/\/noticias.jesuitas.pe\/","logo":{"@type":"ImageObject","inLanguage":"es","@id":"https:\/\/noticias.jesuitas.pe\/#\/schema\/logo\/image\/","url":"https:\/\/noticias.jesuitas.pe\/wp-content\/uploads\/2019\/08\/logo-noticias.png","contentUrl":"https:\/\/noticias.jesuitas.pe\/wp-content\/uploads\/2019\/08\/logo-noticias.png","width":600,"height":154,"caption":"Jesuitas Per\u00fa"},"image":{"@id":"https:\/\/noticias.jesuitas.pe\/#\/schema\/logo\/image\/"}},{"@type":"Person","@id":"https:\/\/noticias.jesuitas.pe\/#\/schema\/person\/b35c9a89df428379626120c919dd2d87","name":"@adminjesu","image":{"@type":"ImageObject","inLanguage":"es","@id":"https:\/\/noticias.jesuitas.pe\/#\/schema\/person\/image\/","url":"https:\/\/secure.gravatar.com\/avatar\/d2004afa05dad3e33696882e0904bf7a?s=96&d=mm&r=g","contentUrl":"https:\/\/secure.gravatar.com\/avatar\/d2004afa05dad3e33696882e0904bf7a?s=96&d=mm&r=g","caption":"@adminjesu"}}]}},"_links":{"self":[{"href":"https:\/\/noticias.jesuitas.pe\/wp-json\/wp\/v2\/posts\/32440","targetHints":{"allow":["GET"]}}],"collection":[{"href":"https:\/\/noticias.jesuitas.pe\/wp-json\/wp\/v2\/posts"}],"about":[{"href":"https:\/\/noticias.jesuitas.pe\/wp-json\/wp\/v2\/types\/post"}],"author":[{"embeddable":true,"href":"https:\/\/noticias.jesuitas.pe\/wp-json\/wp\/v2\/users\/1"}],"replies":[{"embeddable":true,"href":"https:\/\/noticias.jesuitas.pe\/wp-json\/wp\/v2\/comments?post=32440"}],"version-history":[{"count":1,"href":"https:\/\/noticias.jesuitas.pe\/wp-json\/wp\/v2\/posts\/32440\/revisions"}],"predecessor-version":[{"id":32446,"href":"https:\/\/noticias.jesuitas.pe\/wp-json\/wp\/v2\/posts\/32440\/revisions\/32446"}],"wp:featuredmedia":[{"embeddable":true,"href":"https:\/\/noticias.jesuitas.pe\/wp-json\/wp\/v2\/media\/32441"}],"wp:attachment":[{"href":"https:\/\/noticias.jesuitas.pe\/wp-json\/wp\/v2\/media?parent=32440"}],"wp:term":[{"taxonomy":"category","embeddable":true,"href":"https:\/\/noticias.jesuitas.pe\/wp-json\/wp\/v2\/categories?post=32440"},{"taxonomy":"post_tag","embeddable":true,"href":"https:\/\/noticias.jesuitas.pe\/wp-json\/wp\/v2\/tags?post=32440"}],"curies":[{"name":"wp","href":"https:\/\/api.w.org\/{rel}","templated":true}]}},{"id":32424,"date":"2026-04-25T23:23:20","date_gmt":"2026-04-25T23:23:20","guid":{"rendered":"https:\/\/noticias.jesuitas.pe\/?p=32424"},"modified":"2026-04-26T00:39:11","modified_gmt":"2026-04-26T00:39:11","slug":"ii-asamblea-juvenil-2026-en-la-parroquia-virgen-de-nazaret","status":"publish","type":"post","link":"https:\/\/noticias.jesuitas.pe\/2026\/04\/25\/ii-asamblea-juvenil-2026-en-la-parroquia-virgen-de-nazaret\/","title":{"rendered":"II Asamblea Juvenil 2026 en la Parroquia Virgen de Nazaret"},"content":{"rendered":"\n<p>El s\u00e1bado 11 de abril se llev\u00f3 a cabo, con gran entusiasmo, la Segunda Asamblea Juvenil 2026 en la Parroquia Virgen de Nazaret de El Agustino. Este espacio de encuentro y discernimiento reuni\u00f3 a decenas de j\u00f3venes pertenecientes a las capillas y comunidades San Cayetano, San Judas Tadeo, San Ignacio y Santa Rafaela Mar\u00eda.<\/p>\n\n\n\n<p>La jornada congreg\u00f3 aproximadamente a 50 participantes y cont\u00f3 con la presencia del P. Miguel Arrieta SJ, el estudiante jesuita V\u00edctor Cohaila SJ, la Hna. Carmelita Cecilia Campmajo, as\u00ed como de los acompa\u00f1antes y coordinadoras pastorales Sonia Romero y Liz C\u00e1rdenas.<\/p>\n\n\n\n<p>Durante el encuentro, los j\u00f3venes reflexionaron sobre las actividades desarrolladas en cada comunidad desde la \u00faltima reuni\u00f3n, realizada el 8 de enero. Asimismo, se oficializ\u00f3 a los acompa\u00f1antes, quienes asumir\u00e1n el compromiso de guiar y acompa\u00f1ar los procesos juveniles, coordinando acciones mensuales orientadas al fortalecimiento de la fe.<\/p>\n\n\n\n<p>La asamblea tambi\u00e9n fue un espacio propicio para el intercambio de experiencias y el di\u00e1logo sobre los desaf\u00edos pastorales. A trav\u00e9s de din\u00e1micas, juegos, momentos de reflexi\u00f3n y oraci\u00f3n, los participantes vivieron una jornada fraterna que concluy\u00f3 con un momento de compartir. <\/p>\n\n\n\n<p>Este encuentro dej\u00f3 una resonancia positiva en los j\u00f3venes, motiv\u00e1ndolos a seguir construyendo comunidad desde la base y a asumir un rol activo en la construcci\u00f3n de una Iglesia sinodal, participativa y misionera.<\/p>\n\n\n\n<p>(Con informaci\u00f3n y fotos de la Parroquia Virgen de Nazaret)<\/p>\n\n\n\n<p><\/p>\n\n\n\n<figure class=\"wp-block-gallery has-nested-images columns-default is-cropped wp-block-gallery-5 is-layout-flex wp-block-gallery-is-layout-flex\">\n<figure data-wp-context=\"{&quot;imageId&quot;:&quot;69f22639d20cc&quot;}\" data-wp-interactive=\"core\/image\" class=\"wp-block-image size-large wp-lightbox-container\"><img loading=\"lazy\" decoding=\"async\" width=\"683\" height=\"1024\" data-wp-class--hide=\"state.isContentHidden\" data-wp-class--show=\"state.isContentVisible\" data-wp-init=\"callbacks.setButtonStyles\" data-wp-on-async--click=\"actions.showLightbox\" data-wp-on-async--load=\"callbacks.setButtonStyles\" data-wp-on-async-window--resize=\"callbacks.setButtonStyles\" data-id=\"32429\" src=\"https:\/\/noticias.jesuitas.pe\/wp-content\/uploads\/2026\/04\/FCV_0245-copia-683x1024.jpg\" alt=\"\" class=\"wp-image-32429\" srcset=\"https:\/\/noticias.jesuitas.pe\/wp-content\/uploads\/2026\/04\/FCV_0245-copia-683x1024.jpg 683w, https:\/\/noticias.jesuitas.pe\/wp-content\/uploads\/2026\/04\/FCV_0245-copia-200x300.jpg 200w, https:\/\/noticias.jesuitas.pe\/wp-content\/uploads\/2026\/04\/FCV_0245-copia-768x1152.jpg 768w, https:\/\/noticias.jesuitas.pe\/wp-content\/uploads\/2026\/04\/FCV_0245-copia-1024x1536.jpg 1024w, https:\/\/noticias.jesuitas.pe\/wp-content\/uploads\/2026\/04\/FCV_0245-copia-1365x2048.jpg 1365w, https:\/\/noticias.jesuitas.pe\/wp-content\/uploads\/2026\/04\/FCV_0245-copia-1080x1620.jpg 1080w, https:\/\/noticias.jesuitas.pe\/wp-content\/uploads\/2026\/04\/FCV_0245-copia-scaled.jpg 1707w\" sizes=\"(max-width: 683px) 100vw, 683px\" \/><button\n\t\t\tclass=\"lightbox-trigger\"\n\t\t\ttype=\"button\"\n\t\t\taria-haspopup=\"dialog\"\n\t\t\taria-label=\"Ampliar la imagen\"\n\t\t\tdata-wp-init=\"callbacks.initTriggerButton\"\n\t\t\tdata-wp-on-async--click=\"actions.showLightbox\"\n\t\t\tdata-wp-style--right=\"state.imageButtonRight\"\n\t\t\tdata-wp-style--top=\"state.imageButtonTop\"\n\t\t>\n\t\t\t<svg xmlns=\"http:\/\/www.w3.org\/2000\/svg\" width=\"12\" height=\"12\" fill=\"none\" viewBox=\"0 0 12 12\">\n\t\t\t\t<path fill=\"#fff\" d=\"M2 0a2 2 0 0 0-2 2v2h1.5V2a.5.5 0 0 1 .5-.5h2V0H2Zm2 10.5H2a.5.5 0 0 1-.5-.5V8H0v2a2 2 0 0 0 2 2h2v-1.5ZM8 12v-1.5h2a.5.5 0 0 0 .5-.5V8H12v2a2 2 0 0 1-2 2H8Zm2-12a2 2 0 0 1 2 2v2h-1.5V2a.5.5 0 0 0-.5-.5H8V0h2Z\" \/>\n\t\t\t<\/svg>\n\t\t<\/button><\/figure>\n\n\n\n<figure data-wp-context=\"{&quot;imageId&quot;:&quot;69f22639d259d&quot;}\" data-wp-interactive=\"core\/image\" class=\"wp-block-image size-large wp-lightbox-container\"><img loading=\"lazy\" decoding=\"async\" width=\"1024\" height=\"683\" data-wp-class--hide=\"state.isContentHidden\" data-wp-class--show=\"state.isContentVisible\" data-wp-init=\"callbacks.setButtonStyles\" data-wp-on-async--click=\"actions.showLightbox\" data-wp-on-async--load=\"callbacks.setButtonStyles\" data-wp-on-async-window--resize=\"callbacks.setButtonStyles\" data-id=\"32431\" src=\"https:\/\/noticias.jesuitas.pe\/wp-content\/uploads\/2026\/04\/FCV_0171-1024x683.jpg\" alt=\"\" class=\"wp-image-32431\" srcset=\"https:\/\/noticias.jesuitas.pe\/wp-content\/uploads\/2026\/04\/FCV_0171-1024x683.jpg 1024w, https:\/\/noticias.jesuitas.pe\/wp-content\/uploads\/2026\/04\/FCV_0171-300x200.jpg 300w, https:\/\/noticias.jesuitas.pe\/wp-content\/uploads\/2026\/04\/FCV_0171-768x512.jpg 768w, https:\/\/noticias.jesuitas.pe\/wp-content\/uploads\/2026\/04\/FCV_0171-1536x1024.jpg 1536w, https:\/\/noticias.jesuitas.pe\/wp-content\/uploads\/2026\/04\/FCV_0171-2048x1365.jpg 2048w, https:\/\/noticias.jesuitas.pe\/wp-content\/uploads\/2026\/04\/FCV_0171-1080x720.jpg 1080w\" sizes=\"(max-width: 1024px) 100vw, 1024px\" \/><button\n\t\t\tclass=\"lightbox-trigger\"\n\t\t\ttype=\"button\"\n\t\t\taria-haspopup=\"dialog\"\n\t\t\taria-label=\"Ampliar la imagen\"\n\t\t\tdata-wp-init=\"callbacks.initTriggerButton\"\n\t\t\tdata-wp-on-async--click=\"actions.showLightbox\"\n\t\t\tdata-wp-style--right=\"state.imageButtonRight\"\n\t\t\tdata-wp-style--top=\"state.imageButtonTop\"\n\t\t>\n\t\t\t<svg xmlns=\"http:\/\/www.w3.org\/2000\/svg\" width=\"12\" height=\"12\" fill=\"none\" viewBox=\"0 0 12 12\">\n\t\t\t\t<path fill=\"#fff\" d=\"M2 0a2 2 0 0 0-2 2v2h1.5V2a.5.5 0 0 1 .5-.5h2V0H2Zm2 10.5H2a.5.5 0 0 1-.5-.5V8H0v2a2 2 0 0 0 2 2h2v-1.5ZM8 12v-1.5h2a.5.5 0 0 0 .5-.5V8H12v2a2 2 0 0 1-2 2H8Zm2-12a2 2 0 0 1 2 2v2h-1.5V2a.5.5 0 0 0-.5-.5H8V0h2Z\" \/>\n\t\t\t<\/svg>\n\t\t<\/button><\/figure>\n\n\n\n<figure data-wp-context=\"{&quot;imageId&quot;:&quot;69f22639d2a15&quot;}\" data-wp-interactive=\"core\/image\" class=\"wp-block-image size-large wp-lightbox-container\"><img loading=\"lazy\" decoding=\"async\" width=\"640\" height=\"1024\" data-wp-class--hide=\"state.isContentHidden\" data-wp-class--show=\"state.isContentVisible\" data-wp-init=\"callbacks.setButtonStyles\" data-wp-on-async--click=\"actions.showLightbox\" data-wp-on-async--load=\"callbacks.setButtonStyles\" data-wp-on-async-window--resize=\"callbacks.setButtonStyles\" data-id=\"32426\" src=\"https:\/\/noticias.jesuitas.pe\/wp-content\/uploads\/2026\/04\/FCV_0296-640x1024.jpg\" alt=\"\" class=\"wp-image-32426\" srcset=\"https:\/\/noticias.jesuitas.pe\/wp-content\/uploads\/2026\/04\/FCV_0296-640x1024.jpg 640w, https:\/\/noticias.jesuitas.pe\/wp-content\/uploads\/2026\/04\/FCV_0296-188x300.jpg 188w, https:\/\/noticias.jesuitas.pe\/wp-content\/uploads\/2026\/04\/FCV_0296-768x1228.jpg 768w, https:\/\/noticias.jesuitas.pe\/wp-content\/uploads\/2026\/04\/FCV_0296-960x1536.jpg 960w, https:\/\/noticias.jesuitas.pe\/wp-content\/uploads\/2026\/04\/FCV_0296-1280x2048.jpg 1280w, https:\/\/noticias.jesuitas.pe\/wp-content\/uploads\/2026\/04\/FCV_0296-1080x1728.jpg 1080w, https:\/\/noticias.jesuitas.pe\/wp-content\/uploads\/2026\/04\/FCV_0296-scaled.jpg 1600w\" sizes=\"(max-width: 640px) 100vw, 640px\" \/><button\n\t\t\tclass=\"lightbox-trigger\"\n\t\t\ttype=\"button\"\n\t\t\taria-haspopup=\"dialog\"\n\t\t\taria-label=\"Ampliar la imagen\"\n\t\t\tdata-wp-init=\"callbacks.initTriggerButton\"\n\t\t\tdata-wp-on-async--click=\"actions.showLightbox\"\n\t\t\tdata-wp-style--right=\"state.imageButtonRight\"\n\t\t\tdata-wp-style--top=\"state.imageButtonTop\"\n\t\t>\n\t\t\t<svg xmlns=\"http:\/\/www.w3.org\/2000\/svg\" width=\"12\" height=\"12\" fill=\"none\" viewBox=\"0 0 12 12\">\n\t\t\t\t<path fill=\"#fff\" d=\"M2 0a2 2 0 0 0-2 2v2h1.5V2a.5.5 0 0 1 .5-.5h2V0H2Zm2 10.5H2a.5.5 0 0 1-.5-.5V8H0v2a2 2 0 0 0 2 2h2v-1.5ZM8 12v-1.5h2a.5.5 0 0 0 .5-.5V8H12v2a2 2 0 0 1-2 2H8Zm2-12a2 2 0 0 1 2 2v2h-1.5V2a.5.5 0 0 0-.5-.5H8V0h2Z\" \/>\n\t\t\t<\/svg>\n\t\t<\/button><\/figure>\n\n\n\n<figure data-wp-context=\"{&quot;imageId&quot;:&quot;69f22639d2ec5&quot;}\" data-wp-interactive=\"core\/image\" class=\"wp-block-image size-large wp-lightbox-container\"><img loading=\"lazy\" decoding=\"async\" width=\"1024\" height=\"683\" data-wp-class--hide=\"state.isContentHidden\" data-wp-class--show=\"state.isContentVisible\" data-wp-init=\"callbacks.setButtonStyles\" data-wp-on-async--click=\"actions.showLightbox\" data-wp-on-async--load=\"callbacks.setButtonStyles\" data-wp-on-async-window--resize=\"callbacks.setButtonStyles\" data-id=\"32427\" src=\"https:\/\/noticias.jesuitas.pe\/wp-content\/uploads\/2026\/04\/FCV_0370-1024x683.jpg\" alt=\"\" class=\"wp-image-32427\" srcset=\"https:\/\/noticias.jesuitas.pe\/wp-content\/uploads\/2026\/04\/FCV_0370-1024x683.jpg 1024w, https:\/\/noticias.jesuitas.pe\/wp-content\/uploads\/2026\/04\/FCV_0370-300x200.jpg 300w, https:\/\/noticias.jesuitas.pe\/wp-content\/uploads\/2026\/04\/FCV_0370-768x512.jpg 768w, https:\/\/noticias.jesuitas.pe\/wp-content\/uploads\/2026\/04\/FCV_0370-1536x1024.jpg 1536w, https:\/\/noticias.jesuitas.pe\/wp-content\/uploads\/2026\/04\/FCV_0370-2048x1365.jpg 2048w, https:\/\/noticias.jesuitas.pe\/wp-content\/uploads\/2026\/04\/FCV_0370-1080x720.jpg 1080w\" sizes=\"(max-width: 1024px) 100vw, 1024px\" \/><button\n\t\t\tclass=\"lightbox-trigger\"\n\t\t\ttype=\"button\"\n\t\t\taria-haspopup=\"dialog\"\n\t\t\taria-label=\"Ampliar la imagen\"\n\t\t\tdata-wp-init=\"callbacks.initTriggerButton\"\n\t\t\tdata-wp-on-async--click=\"actions.showLightbox\"\n\t\t\tdata-wp-style--right=\"state.imageButtonRight\"\n\t\t\tdata-wp-style--top=\"state.imageButtonTop\"\n\t\t>\n\t\t\t<svg xmlns=\"http:\/\/www.w3.org\/2000\/svg\" width=\"12\" height=\"12\" fill=\"none\" viewBox=\"0 0 12 12\">\n\t\t\t\t<path fill=\"#fff\" d=\"M2 0a2 2 0 0 0-2 2v2h1.5V2a.5.5 0 0 1 .5-.5h2V0H2Zm2 10.5H2a.5.5 0 0 1-.5-.5V8H0v2a2 2 0 0 0 2 2h2v-1.5ZM8 12v-1.5h2a.5.5 0 0 0 .5-.5V8H12v2a2 2 0 0 1-2 2H8Zm2-12a2 2 0 0 1 2 2v2h-1.5V2a.5.5 0 0 0-.5-.5H8V0h2Z\" \/>\n\t\t\t<\/svg>\n\t\t<\/button><\/figure>\n\n\n\n<figure data-wp-context=\"{&quot;imageId&quot;:&quot;69f22639d3353&quot;}\" data-wp-interactive=\"core\/image\" class=\"wp-block-image size-large wp-lightbox-container\"><img loading=\"lazy\" decoding=\"async\" width=\"1024\" height=\"683\" data-wp-class--hide=\"state.isContentHidden\" data-wp-class--show=\"state.isContentVisible\" data-wp-init=\"callbacks.setButtonStyles\" data-wp-on-async--click=\"actions.showLightbox\" data-wp-on-async--load=\"callbacks.setButtonStyles\" data-wp-on-async-window--resize=\"callbacks.setButtonStyles\" data-id=\"32430\" src=\"https:\/\/noticias.jesuitas.pe\/wp-content\/uploads\/2026\/04\/FCV_0394-1024x683.jpg\" alt=\"\" class=\"wp-image-32430\" srcset=\"https:\/\/noticias.jesuitas.pe\/wp-content\/uploads\/2026\/04\/FCV_0394-1024x683.jpg 1024w, https:\/\/noticias.jesuitas.pe\/wp-content\/uploads\/2026\/04\/FCV_0394-300x200.jpg 300w, https:\/\/noticias.jesuitas.pe\/wp-content\/uploads\/2026\/04\/FCV_0394-768x512.jpg 768w, https:\/\/noticias.jesuitas.pe\/wp-content\/uploads\/2026\/04\/FCV_0394-1536x1024.jpg 1536w, https:\/\/noticias.jesuitas.pe\/wp-content\/uploads\/2026\/04\/FCV_0394-2048x1365.jpg 2048w, https:\/\/noticias.jesuitas.pe\/wp-content\/uploads\/2026\/04\/FCV_0394-1080x720.jpg 1080w\" sizes=\"(max-width: 1024px) 100vw, 1024px\" \/><button\n\t\t\tclass=\"lightbox-trigger\"\n\t\t\ttype=\"button\"\n\t\t\taria-haspopup=\"dialog\"\n\t\t\taria-label=\"Ampliar la imagen\"\n\t\t\tdata-wp-init=\"callbacks.initTriggerButton\"\n\t\t\tdata-wp-on-async--click=\"actions.showLightbox\"\n\t\t\tdata-wp-style--right=\"state.imageButtonRight\"\n\t\t\tdata-wp-style--top=\"state.imageButtonTop\"\n\t\t>\n\t\t\t<svg xmlns=\"http:\/\/www.w3.org\/2000\/svg\" width=\"12\" height=\"12\" fill=\"none\" viewBox=\"0 0 12 12\">\n\t\t\t\t<path fill=\"#fff\" d=\"M2 0a2 2 0 0 0-2 2v2h1.5V2a.5.5 0 0 1 .5-.5h2V0H2Zm2 10.5H2a.5.5 0 0 1-.5-.5V8H0v2a2 2 0 0 0 2 2h2v-1.5ZM8 12v-1.5h2a.5.5 0 0 0 .5-.5V8H12v2a2 2 0 0 1-2 2H8Zm2-12a2 2 0 0 1 2 2v2h-1.5V2a.5.5 0 0 0-.5-.5H8V0h2Z\" \/>\n\t\t\t<\/svg>\n\t\t<\/button><\/figure>\n\n\n\n<figure data-wp-context=\"{&quot;imageId&quot;:&quot;69f22639d37e8&quot;}\" data-wp-interactive=\"core\/image\" class=\"wp-block-image size-large wp-lightbox-container\"><img loading=\"lazy\" decoding=\"async\" width=\"1024\" height=\"683\" data-wp-class--hide=\"state.isContentHidden\" data-wp-class--show=\"state.isContentVisible\" data-wp-init=\"callbacks.setButtonStyles\" data-wp-on-async--click=\"actions.showLightbox\" data-wp-on-async--load=\"callbacks.setButtonStyles\" data-wp-on-async-window--resize=\"callbacks.setButtonStyles\" data-id=\"32428\" src=\"https:\/\/noticias.jesuitas.pe\/wp-content\/uploads\/2026\/04\/FCV_0233-1024x683.jpg\" alt=\"\" class=\"wp-image-32428\" srcset=\"https:\/\/noticias.jesuitas.pe\/wp-content\/uploads\/2026\/04\/FCV_0233-1024x683.jpg 1024w, https:\/\/noticias.jesuitas.pe\/wp-content\/uploads\/2026\/04\/FCV_0233-300x200.jpg 300w, https:\/\/noticias.jesuitas.pe\/wp-content\/uploads\/2026\/04\/FCV_0233-768x512.jpg 768w, https:\/\/noticias.jesuitas.pe\/wp-content\/uploads\/2026\/04\/FCV_0233-1536x1024.jpg 1536w, https:\/\/noticias.jesuitas.pe\/wp-content\/uploads\/2026\/04\/FCV_0233-2048x1365.jpg 2048w, https:\/\/noticias.jesuitas.pe\/wp-content\/uploads\/2026\/04\/FCV_0233-1080x720.jpg 1080w\" sizes=\"(max-width: 1024px) 100vw, 1024px\" \/><button\n\t\t\tclass=\"lightbox-trigger\"\n\t\t\ttype=\"button\"\n\t\t\taria-haspopup=\"dialog\"\n\t\t\taria-label=\"Ampliar la imagen\"\n\t\t\tdata-wp-init=\"callbacks.initTriggerButton\"\n\t\t\tdata-wp-on-async--click=\"actions.showLightbox\"\n\t\t\tdata-wp-style--right=\"state.imageButtonRight\"\n\t\t\tdata-wp-style--top=\"state.imageButtonTop\"\n\t\t>\n\t\t\t<svg xmlns=\"http:\/\/www.w3.org\/2000\/svg\" width=\"12\" height=\"12\" fill=\"none\" viewBox=\"0 0 12 12\">\n\t\t\t\t<path fill=\"#fff\" d=\"M2 0a2 2 0 0 0-2 2v2h1.5V2a.5.5 0 0 1 .5-.5h2V0H2Zm2 10.5H2a.5.5 0 0 1-.5-.5V8H0v2a2 2 0 0 0 2 2h2v-1.5ZM8 12v-1.5h2a.5.5 0 0 0 .5-.5V8H12v2a2 2 0 0 1-2 2H8Zm2-12a2 2 0 0 1 2 2v2h-1.5V2a.5.5 0 0 0-.5-.5H8V0h2Z\" \/>\n\t\t\t<\/svg>\n\t\t<\/button><\/figure>\n<\/figure>\n","protected":false},"excerpt":{"rendered":"<p>El s\u00e1bado 11 de abril se llev\u00f3 a cabo, con gran entusiasmo, la Segunda Asamblea Juvenil 2026 en la Parroquia Virgen de Nazaret de El Agustino. Este espacio de encuentro y discernimiento reuni\u00f3 a decenas de j\u00f3venes pertenecientes a las capillas y comunidades San Cayetano, San Judas Tadeo, San Ignacio y Santa Rafaela Mar\u00eda. La [&hellip;]<\/p>\n","protected":false},"author":1,"featured_media":32435,"comment_status":"open","ping_status":"open","sticky":false,"template":"","format":"standard","meta":{"_et_pb_use_builder":"off","_et_pb_old_content":"","_et_gb_content_width":"","_monsterinsights_skip_tracking":false,"_monsterinsights_sitenote_active":false,"_monsterinsights_sitenote_note":"","_monsterinsights_sitenote_category":0,"footnotes":""},"categories":[24],"tags":[],"class_list":["post-32424","post","type-post","status-publish","format-standard","has-post-thumbnail","hentry","category-pastoral","et-has-post-format-content","et_post_format-et-post-format-standard"],"yoast_head":"<!-- This site is optimized with the Yoast SEO plugin v24.5 - https:\/\/yoast.com\/wordpress\/plugins\/seo\/ -->\n<title>II Asamblea Juvenil 2026 en la Parroquia Virgen de Nazaret - Noticias Jesuitas<\/title>\n<meta name=\"robots\" content=\"index, follow, max-snippet:-1, max-image-preview:large, max-video-preview:-1\" \/>\n<link rel=\"canonical\" href=\"https:\/\/noticias.jesuitas.pe\/2026\/04\/25\/ii-asamblea-juvenil-2026-en-la-parroquia-virgen-de-nazaret\/\" \/>\n<meta property=\"og:locale\" content=\"es_ES\" \/>\n<meta property=\"og:type\" content=\"article\" \/>\n<meta property=\"og:title\" content=\"II Asamblea Juvenil 2026 en la Parroquia Virgen de Nazaret - Noticias Jesuitas\" \/>\n<meta property=\"og:description\" content=\"El s\u00e1bado 11 de abril se llev\u00f3 a cabo, con gran entusiasmo, la Segunda Asamblea Juvenil 2026 en la Parroquia Virgen de Nazaret de El Agustino. Este espacio de encuentro y discernimiento reuni\u00f3 a decenas de j\u00f3venes pertenecientes a las capillas y comunidades San Cayetano, San Judas Tadeo, San Ignacio y Santa Rafaela Mar\u00eda. La [&hellip;]\" \/>\n<meta property=\"og:url\" content=\"https:\/\/noticias.jesuitas.pe\/2026\/04\/25\/ii-asamblea-juvenil-2026-en-la-parroquia-virgen-de-nazaret\/\" \/>\n<meta property=\"og:site_name\" content=\"Noticias Jesuitas\" \/>\n<meta property=\"article:published_time\" content=\"2026-04-25T23:23:20+00:00\" \/>\n<meta property=\"article:modified_time\" content=\"2026-04-26T00:39:11+00:00\" \/>\n<meta property=\"og:image\" content=\"https:\/\/noticias.jesuitas.pe\/wp-content\/uploads\/2026\/04\/portada-asamblea-juvenil-el-agustino-2026.jpg\" \/>\n\t<meta property=\"og:image:width\" content=\"1200\" \/>\n\t<meta property=\"og:image:height\" content=\"630\" \/>\n\t<meta property=\"og:image:type\" content=\"image\/jpeg\" \/>\n<meta name=\"author\" content=\"@adminjesu\" \/>\n<meta name=\"twitter:card\" content=\"summary_large_image\" \/>\n<meta name=\"twitter:label1\" content=\"Escrito por\" \/>\n\t<meta name=\"twitter:data1\" content=\"@adminjesu\" \/>\n\t<meta name=\"twitter:label2\" content=\"Tiempo de lectura\" \/>\n\t<meta name=\"twitter:data2\" content=\"3 minutos\" \/>\n<script type=\"application\/ld+json\" class=\"yoast-schema-graph\">{\"@context\":\"https:\/\/schema.org\",\"@graph\":[{\"@type\":\"Article\",\"@id\":\"https:\/\/noticias.jesuitas.pe\/2026\/04\/25\/ii-asamblea-juvenil-2026-en-la-parroquia-virgen-de-nazaret\/#article\",\"isPartOf\":{\"@id\":\"https:\/\/noticias.jesuitas.pe\/2026\/04\/25\/ii-asamblea-juvenil-2026-en-la-parroquia-virgen-de-nazaret\/\"},\"author\":{\"name\":\"@adminjesu\",\"@id\":\"https:\/\/noticias.jesuitas.pe\/#\/schema\/person\/b35c9a89df428379626120c919dd2d87\"},\"headline\":\"II Asamblea Juvenil 2026 en la Parroquia Virgen de Nazaret\",\"datePublished\":\"2026-04-25T23:23:20+00:00\",\"dateModified\":\"2026-04-26T00:39:11+00:00\",\"mainEntityOfPage\":{\"@id\":\"https:\/\/noticias.jesuitas.pe\/2026\/04\/25\/ii-asamblea-juvenil-2026-en-la-parroquia-virgen-de-nazaret\/\"},\"wordCount\":255,\"commentCount\":0,\"publisher\":{\"@id\":\"https:\/\/noticias.jesuitas.pe\/#organization\"},\"image\":{\"@id\":\"https:\/\/noticias.jesuitas.pe\/2026\/04\/25\/ii-asamblea-juvenil-2026-en-la-parroquia-virgen-de-nazaret\/#primaryimage\"},\"thumbnailUrl\":\"https:\/\/noticias.jesuitas.pe\/wp-content\/uploads\/2026\/04\/portada-asamblea-juvenil-el-agustino-2026.jpg\",\"articleSection\":[\"Pastoral\"],\"inLanguage\":\"es\",\"potentialAction\":[{\"@type\":\"CommentAction\",\"name\":\"Comment\",\"target\":[\"https:\/\/noticias.jesuitas.pe\/2026\/04\/25\/ii-asamblea-juvenil-2026-en-la-parroquia-virgen-de-nazaret\/#respond\"]}]},{\"@type\":\"WebPage\",\"@id\":\"https:\/\/noticias.jesuitas.pe\/2026\/04\/25\/ii-asamblea-juvenil-2026-en-la-parroquia-virgen-de-nazaret\/\",\"url\":\"https:\/\/noticias.jesuitas.pe\/2026\/04\/25\/ii-asamblea-juvenil-2026-en-la-parroquia-virgen-de-nazaret\/\",\"name\":\"II Asamblea Juvenil 2026 en la Parroquia Virgen de Nazaret - Noticias Jesuitas\",\"isPartOf\":{\"@id\":\"https:\/\/noticias.jesuitas.pe\/#website\"},\"primaryImageOfPage\":{\"@id\":\"https:\/\/noticias.jesuitas.pe\/2026\/04\/25\/ii-asamblea-juvenil-2026-en-la-parroquia-virgen-de-nazaret\/#primaryimage\"},\"image\":{\"@id\":\"https:\/\/noticias.jesuitas.pe\/2026\/04\/25\/ii-asamblea-juvenil-2026-en-la-parroquia-virgen-de-nazaret\/#primaryimage\"},\"thumbnailUrl\":\"https:\/\/noticias.jesuitas.pe\/wp-content\/uploads\/2026\/04\/portada-asamblea-juvenil-el-agustino-2026.jpg\",\"datePublished\":\"2026-04-25T23:23:20+00:00\",\"dateModified\":\"2026-04-26T00:39:11+00:00\",\"breadcrumb\":{\"@id\":\"https:\/\/noticias.jesuitas.pe\/2026\/04\/25\/ii-asamblea-juvenil-2026-en-la-parroquia-virgen-de-nazaret\/#breadcrumb\"},\"inLanguage\":\"es\",\"potentialAction\":[{\"@type\":\"ReadAction\",\"target\":[\"https:\/\/noticias.jesuitas.pe\/2026\/04\/25\/ii-asamblea-juvenil-2026-en-la-parroquia-virgen-de-nazaret\/\"]}]},{\"@type\":\"ImageObject\",\"inLanguage\":\"es\",\"@id\":\"https:\/\/noticias.jesuitas.pe\/2026\/04\/25\/ii-asamblea-juvenil-2026-en-la-parroquia-virgen-de-nazaret\/#primaryimage\",\"url\":\"https:\/\/noticias.jesuitas.pe\/wp-content\/uploads\/2026\/04\/portada-asamblea-juvenil-el-agustino-2026.jpg\",\"contentUrl\":\"https:\/\/noticias.jesuitas.pe\/wp-content\/uploads\/2026\/04\/portada-asamblea-juvenil-el-agustino-2026.jpg\",\"width\":1200,\"height\":630},{\"@type\":\"BreadcrumbList\",\"@id\":\"https:\/\/noticias.jesuitas.pe\/2026\/04\/25\/ii-asamblea-juvenil-2026-en-la-parroquia-virgen-de-nazaret\/#breadcrumb\",\"itemListElement\":[{\"@type\":\"ListItem\",\"position\":1,\"name\":\"Portada\",\"item\":\"https:\/\/noticias.jesuitas.pe\/\"},{\"@type\":\"ListItem\",\"position\":2,\"name\":\"II Asamblea Juvenil 2026 en la Parroquia Virgen de Nazaret\"}]},{\"@type\":\"WebSite\",\"@id\":\"https:\/\/noticias.jesuitas.pe\/#website\",\"url\":\"https:\/\/noticias.jesuitas.pe\/\",\"name\":\"Noticias Jesuitas\",\"description\":\"Jesuitas del Per\u00fa\",\"publisher\":{\"@id\":\"https:\/\/noticias.jesuitas.pe\/#organization\"},\"potentialAction\":[{\"@type\":\"SearchAction\",\"target\":{\"@type\":\"EntryPoint\",\"urlTemplate\":\"https:\/\/noticias.jesuitas.pe\/?s={search_term_string}\"},\"query-input\":{\"@type\":\"PropertyValueSpecification\",\"valueRequired\":true,\"valueName\":\"search_term_string\"}}],\"inLanguage\":\"es\"},{\"@type\":\"Organization\",\"@id\":\"https:\/\/noticias.jesuitas.pe\/#organization\",\"name\":\"Jesuitas Per\u00fa\",\"url\":\"https:\/\/noticias.jesuitas.pe\/\",\"logo\":{\"@type\":\"ImageObject\",\"inLanguage\":\"es\",\"@id\":\"https:\/\/noticias.jesuitas.pe\/#\/schema\/logo\/image\/\",\"url\":\"https:\/\/noticias.jesuitas.pe\/wp-content\/uploads\/2019\/08\/logo-noticias.png\",\"contentUrl\":\"https:\/\/noticias.jesuitas.pe\/wp-content\/uploads\/2019\/08\/logo-noticias.png\",\"width\":600,\"height\":154,\"caption\":\"Jesuitas Per\u00fa\"},\"image\":{\"@id\":\"https:\/\/noticias.jesuitas.pe\/#\/schema\/logo\/image\/\"}},{\"@type\":\"Person\",\"@id\":\"https:\/\/noticias.jesuitas.pe\/#\/schema\/person\/b35c9a89df428379626120c919dd2d87\",\"name\":\"@adminjesu\",\"image\":{\"@type\":\"ImageObject\",\"inLanguage\":\"es\",\"@id\":\"https:\/\/noticias.jesuitas.pe\/#\/schema\/person\/image\/\",\"url\":\"https:\/\/secure.gravatar.com\/avatar\/d2004afa05dad3e33696882e0904bf7a?s=96&d=mm&r=g\",\"contentUrl\":\"https:\/\/secure.gravatar.com\/avatar\/d2004afa05dad3e33696882e0904bf7a?s=96&d=mm&r=g\",\"caption\":\"@adminjesu\"}}]}<\/script>\n<!-- \/ Yoast SEO plugin. -->","yoast_head_json":{"title":"II Asamblea Juvenil 2026 en la Parroquia Virgen de Nazaret - Noticias Jesuitas","robots":{"index":"index","follow":"follow","max-snippet":"max-snippet:-1","max-image-preview":"max-image-preview:large","max-video-preview":"max-video-preview:-1"},"canonical":"https:\/\/noticias.jesuitas.pe\/2026\/04\/25\/ii-asamblea-juvenil-2026-en-la-parroquia-virgen-de-nazaret\/","og_locale":"es_ES","og_type":"article","og_title":"II Asamblea Juvenil 2026 en la Parroquia Virgen de Nazaret - Noticias Jesuitas","og_description":"El s\u00e1bado 11 de abril se llev\u00f3 a cabo, con gran entusiasmo, la Segunda Asamblea Juvenil 2026 en la Parroquia Virgen de Nazaret de El Agustino. Este espacio de encuentro y discernimiento reuni\u00f3 a decenas de j\u00f3venes pertenecientes a las capillas y comunidades San Cayetano, San Judas Tadeo, San Ignacio y Santa Rafaela Mar\u00eda. La [&hellip;]","og_url":"https:\/\/noticias.jesuitas.pe\/2026\/04\/25\/ii-asamblea-juvenil-2026-en-la-parroquia-virgen-de-nazaret\/","og_site_name":"Noticias Jesuitas","article_published_time":"2026-04-25T23:23:20+00:00","article_modified_time":"2026-04-26T00:39:11+00:00","og_image":[{"width":1200,"height":630,"url":"https:\/\/noticias.jesuitas.pe\/wp-content\/uploads\/2026\/04\/portada-asamblea-juvenil-el-agustino-2026.jpg","type":"image\/jpeg"}],"author":"@adminjesu","twitter_card":"summary_large_image","twitter_misc":{"Escrito por":"@adminjesu","Tiempo de lectura":"3 minutos"},"schema":{"@context":"https:\/\/schema.org","@graph":[{"@type":"Article","@id":"https:\/\/noticias.jesuitas.pe\/2026\/04\/25\/ii-asamblea-juvenil-2026-en-la-parroquia-virgen-de-nazaret\/#article","isPartOf":{"@id":"https:\/\/noticias.jesuitas.pe\/2026\/04\/25\/ii-asamblea-juvenil-2026-en-la-parroquia-virgen-de-nazaret\/"},"author":{"name":"@adminjesu","@id":"https:\/\/noticias.jesuitas.pe\/#\/schema\/person\/b35c9a89df428379626120c919dd2d87"},"headline":"II Asamblea Juvenil 2026 en la Parroquia Virgen de Nazaret","datePublished":"2026-04-25T23:23:20+00:00","dateModified":"2026-04-26T00:39:11+00:00","mainEntityOfPage":{"@id":"https:\/\/noticias.jesuitas.pe\/2026\/04\/25\/ii-asamblea-juvenil-2026-en-la-parroquia-virgen-de-nazaret\/"},"wordCount":255,"commentCount":0,"publisher":{"@id":"https:\/\/noticias.jesuitas.pe\/#organization"},"image":{"@id":"https:\/\/noticias.jesuitas.pe\/2026\/04\/25\/ii-asamblea-juvenil-2026-en-la-parroquia-virgen-de-nazaret\/#primaryimage"},"thumbnailUrl":"https:\/\/noticias.jesuitas.pe\/wp-content\/uploads\/2026\/04\/portada-asamblea-juvenil-el-agustino-2026.jpg","articleSection":["Pastoral"],"inLanguage":"es","potentialAction":[{"@type":"CommentAction","name":"Comment","target":["https:\/\/noticias.jesuitas.pe\/2026\/04\/25\/ii-asamblea-juvenil-2026-en-la-parroquia-virgen-de-nazaret\/#respond"]}]},{"@type":"WebPage","@id":"https:\/\/noticias.jesuitas.pe\/2026\/04\/25\/ii-asamblea-juvenil-2026-en-la-parroquia-virgen-de-nazaret\/","url":"https:\/\/noticias.jesuitas.pe\/2026\/04\/25\/ii-asamblea-juvenil-2026-en-la-parroquia-virgen-de-nazaret\/","name":"II Asamblea Juvenil 2026 en la Parroquia Virgen de Nazaret - Noticias Jesuitas","isPartOf":{"@id":"https:\/\/noticias.jesuitas.pe\/#website"},"primaryImageOfPage":{"@id":"https:\/\/noticias.jesuitas.pe\/2026\/04\/25\/ii-asamblea-juvenil-2026-en-la-parroquia-virgen-de-nazaret\/#primaryimage"},"image":{"@id":"https:\/\/noticias.jesuitas.pe\/2026\/04\/25\/ii-asamblea-juvenil-2026-en-la-parroquia-virgen-de-nazaret\/#primaryimage"},"thumbnailUrl":"https:\/\/noticias.jesuitas.pe\/wp-content\/uploads\/2026\/04\/portada-asamblea-juvenil-el-agustino-2026.jpg","datePublished":"2026-04-25T23:23:20+00:00","dateModified":"2026-04-26T00:39:11+00:00","breadcrumb":{"@id":"https:\/\/noticias.jesuitas.pe\/2026\/04\/25\/ii-asamblea-juvenil-2026-en-la-parroquia-virgen-de-nazaret\/#breadcrumb"},"inLanguage":"es","potentialAction":[{"@type":"ReadAction","target":["https:\/\/noticias.jesuitas.pe\/2026\/04\/25\/ii-asamblea-juvenil-2026-en-la-parroquia-virgen-de-nazaret\/"]}]},{"@type":"ImageObject","inLanguage":"es","@id":"https:\/\/noticias.jesuitas.pe\/2026\/04\/25\/ii-asamblea-juvenil-2026-en-la-parroquia-virgen-de-nazaret\/#primaryimage","url":"https:\/\/noticias.jesuitas.pe\/wp-content\/uploads\/2026\/04\/portada-asamblea-juvenil-el-agustino-2026.jpg","contentUrl":"https:\/\/noticias.jesuitas.pe\/wp-content\/uploads\/2026\/04\/portada-asamblea-juvenil-el-agustino-2026.jpg","width":1200,"height":630},{"@type":"BreadcrumbList","@id":"https:\/\/noticias.jesuitas.pe\/2026\/04\/25\/ii-asamblea-juvenil-2026-en-la-parroquia-virgen-de-nazaret\/#breadcrumb","itemListElement":[{"@type":"ListItem","position":1,"name":"Portada","item":"https:\/\/noticias.jesuitas.pe\/"},{"@type":"ListItem","position":2,"name":"II Asamblea Juvenil 2026 en la Parroquia Virgen de Nazaret"}]},{"@type":"WebSite","@id":"https:\/\/noticias.jesuitas.pe\/#website","url":"https:\/\/noticias.jesuitas.pe\/","name":"Noticias Jesuitas","description":"Jesuitas del Per\u00fa","publisher":{"@id":"https:\/\/noticias.jesuitas.pe\/#organization"},"potentialAction":[{"@type":"SearchAction","target":{"@type":"EntryPoint","urlTemplate":"https:\/\/noticias.jesuitas.pe\/?s={search_term_string}"},"query-input":{"@type":"PropertyValueSpecification","valueRequired":true,"valueName":"search_term_string"}}],"inLanguage":"es"},{"@type":"Organization","@id":"https:\/\/noticias.jesuitas.pe\/#organization","name":"Jesuitas Per\u00fa","url":"https:\/\/noticias.jesuitas.pe\/","logo":{"@type":"ImageObject","inLanguage":"es","@id":"https:\/\/noticias.jesuitas.pe\/#\/schema\/logo\/image\/","url":"https:\/\/noticias.jesuitas.pe\/wp-content\/uploads\/2019\/08\/logo-noticias.png","contentUrl":"https:\/\/noticias.jesuitas.pe\/wp-content\/uploads\/2019\/08\/logo-noticias.png","width":600,"height":154,"caption":"Jesuitas Per\u00fa"},"image":{"@id":"https:\/\/noticias.jesuitas.pe\/#\/schema\/logo\/image\/"}},{"@type":"Person","@id":"https:\/\/noticias.jesuitas.pe\/#\/schema\/person\/b35c9a89df428379626120c919dd2d87","name":"@adminjesu","image":{"@type":"ImageObject","inLanguage":"es","@id":"https:\/\/noticias.jesuitas.pe\/#\/schema\/person\/image\/","url":"https:\/\/secure.gravatar.com\/avatar\/d2004afa05dad3e33696882e0904bf7a?s=96&d=mm&r=g","contentUrl":"https:\/\/secure.gravatar.com\/avatar\/d2004afa05dad3e33696882e0904bf7a?s=96&d=mm&r=g","caption":"@adminjesu"}}]}},"_links":{"self":[{"href":"https:\/\/noticias.jesuitas.pe\/wp-json\/wp\/v2\/posts\/32424","targetHints":{"allow":["GET"]}}],"collection":[{"href":"https:\/\/noticias.jesuitas.pe\/wp-json\/wp\/v2\/posts"}],"about":[{"href":"https:\/\/noticias.jesuitas.pe\/wp-json\/wp\/v2\/types\/post"}],"author":[{"embeddable":true,"href":"https:\/\/noticias.jesuitas.pe\/wp-json\/wp\/v2\/users\/1"}],"replies":[{"embeddable":true,"href":"https:\/\/noticias.jesuitas.pe\/wp-json\/wp\/v2\/comments?post=32424"}],"version-history":[{"count":6,"href":"https:\/\/noticias.jesuitas.pe\/wp-json\/wp\/v2\/posts\/32424\/revisions"}],"predecessor-version":[{"id":32438,"href":"https:\/\/noticias.jesuitas.pe\/wp-json\/wp\/v2\/posts\/32424\/revisions\/32438"}],"wp:featuredmedia":[{"embeddable":true,"href":"https:\/\/noticias.jesuitas.pe\/wp-json\/wp\/v2\/media\/32435"}],"wp:attachment":[{"href":"https:\/\/noticias.jesuitas.pe\/wp-json\/wp\/v2\/media?parent=32424"}],"wp:term":[{"taxonomy":"category","embeddable":true,"href":"https:\/\/noticias.jesuitas.pe\/wp-json\/wp\/v2\/categories?post=32424"},{"taxonomy":"post_tag","embeddable":true,"href":"https:\/\/noticias.jesuitas.pe\/wp-json\/wp\/v2\/tags?post=32424"}],"curies":[{"name":"wp","href":"https:\/\/api.w.org\/{rel}","templated":true}]}},{"id":32419,"date":"2026-04-20T16:31:26","date_gmt":"2026-04-20T16:31:26","guid":{"rendered":"https:\/\/noticias.jesuitas.pe\/?p=32419"},"modified":"2026-04-20T17:30:42","modified_gmt":"2026-04-20T17:30:42","slug":"ordenacion-diaconal-de-nino-villarroel-sj","status":"publish","type":"post","link":"https:\/\/noticias.jesuitas.pe\/2026\/04\/20\/ordenacion-diaconal-de-nino-villarroel-sj\/","title":{"rendered":"Ordenaci\u00f3n diaconal de Nino Villarroel, SJ"},"content":{"rendered":"\n<p>\u00a0Nino Villarroel SJ fue ordenado di\u00e1cono el s\u00e1bado 11 de abril, en la Bas\u00edlica de Saint-Denis (Par\u00eds), junto a otros quince estudiantes de diferentes provincias jesuitas y uno de la Orden Hospitalaria de San Juan de Dios. La ceremonia fue presidida por Mons. \u00c9tienne Guillet, obispo de Saint-Denis, y en ella tambi\u00e9n fue ordenado presb\u00edtero el jesuita franc\u00e9s Beno\u00eet Thevenon.<\/p>\n\n\n\n<p>Nino fue acompa\u00f1ado por el P. Provincial Victor Hugo Miranda SJ, quien concelebr\u00f3 la Misa, y por sus familiares que viajaron desde Per\u00fa. <\/p>\n\n\n<p>Un art\u00edculo en franc\u00e9s del medio <span style=\"color: #0000ff;\"><a style=\"color: #0000ff;\" href=\"https:\/\/fr.aleteia.org\/2026\/04\/13\/une-ordination-mondiale-au-coeur-du-diocese-le-plus-pauvre-de-france\/\">Aleteia<\/a><\/span> destaca lo significativo de que esta ordenaci\u00f3n haya tenido lugar en la di\u00f3cesis de Saint Denis, una de las m\u00e1s pobres de Francia y con mayor diversidad cultural debido a la alta tasa de poblaci\u00f3n migrante. Sus sacerdotes, entre diocesanos y religiosos de diferentes congregaciones, son reconocidos como \u00abverdaderos actores de paz y unidad\u00bb.<\/p>\n\n\n<h4 class=\"wp-block-heading\">Sobre Nino Villarroel <\/h4>\n\n\n\n<p>Nino naci\u00f3 en Trujillo en 1992. Ingres\u00f3 a la Compa\u00f1\u00eda de Jes\u00fas el 2013 e hizo el Noviciado en Valpara\u00edso (Chile). Luego regres\u00f3 al Per\u00fa para estudiar humanidades, filosof\u00eda y psicolog\u00eda en la Universidad Antonio Ruiz de Montoya.\u00a0Realiz\u00f3 la etapa de Magisterio en la UARM, apoyando en el Centro de Escucha y el Instituto de Protecci\u00f3n al Menor y Personas Vulnerables (IPMEP) de la UARM, y en Ayacucho, apoyando en el Centro Loyola Ayacucho y la obra social Kusi Ayllu. Actualmente se encuentra culminando los estudios de Teolog\u00eda en\u00a0<em>Falcut\u00e9s Loyola Par\u00eds<\/em> (antes Centro S\u00e8vres). <\/p>\n\n\n\n<p><\/p>\n\n\n\n<figure class=\"wp-block-gallery has-nested-images columns-default is-cropped wp-block-gallery-6 is-layout-flex wp-block-gallery-is-layout-flex\">\n<figure data-wp-context=\"{&quot;imageId&quot;:&quot;69f22639d7ce7&quot;}\" data-wp-interactive=\"core\/image\" class=\"wp-block-image size-large wp-lightbox-container\"><img loading=\"lazy\" decoding=\"async\" width=\"1024\" height=\"683\" data-wp-class--hide=\"state.isContentHidden\" data-wp-class--show=\"state.isContentVisible\" data-wp-init=\"callbacks.setButtonStyles\" data-wp-on-async--click=\"actions.showLightbox\" data-wp-on-async--load=\"callbacks.setButtonStyles\" data-wp-on-async-window--resize=\"callbacks.setButtonStyles\" data-id=\"32420\" src=\"https:\/\/noticias.jesuitas.pe\/wp-content\/uploads\/2026\/04\/55204023272_f6d62308ae_o-1024x683.jpg\" alt=\"\" class=\"wp-image-32420\" srcset=\"https:\/\/noticias.jesuitas.pe\/wp-content\/uploads\/2026\/04\/55204023272_f6d62308ae_o-1024x683.jpg 1024w, https:\/\/noticias.jesuitas.pe\/wp-content\/uploads\/2026\/04\/55204023272_f6d62308ae_o-300x200.jpg 300w, https:\/\/noticias.jesuitas.pe\/wp-content\/uploads\/2026\/04\/55204023272_f6d62308ae_o-768x512.jpg 768w, https:\/\/noticias.jesuitas.pe\/wp-content\/uploads\/2026\/04\/55204023272_f6d62308ae_o-1536x1024.jpg 1536w, https:\/\/noticias.jesuitas.pe\/wp-content\/uploads\/2026\/04\/55204023272_f6d62308ae_o-2048x1365.jpg 2048w, https:\/\/noticias.jesuitas.pe\/wp-content\/uploads\/2026\/04\/55204023272_f6d62308ae_o-1080x720.jpg 1080w\" sizes=\"(max-width: 1024px) 100vw, 1024px\" \/><button\n\t\t\tclass=\"lightbox-trigger\"\n\t\t\ttype=\"button\"\n\t\t\taria-haspopup=\"dialog\"\n\t\t\taria-label=\"Ampliar la imagen\"\n\t\t\tdata-wp-init=\"callbacks.initTriggerButton\"\n\t\t\tdata-wp-on-async--click=\"actions.showLightbox\"\n\t\t\tdata-wp-style--right=\"state.imageButtonRight\"\n\t\t\tdata-wp-style--top=\"state.imageButtonTop\"\n\t\t>\n\t\t\t<svg xmlns=\"http:\/\/www.w3.org\/2000\/svg\" width=\"12\" height=\"12\" fill=\"none\" viewBox=\"0 0 12 12\">\n\t\t\t\t<path fill=\"#fff\" d=\"M2 0a2 2 0 0 0-2 2v2h1.5V2a.5.5 0 0 1 .5-.5h2V0H2Zm2 10.5H2a.5.5 0 0 1-.5-.5V8H0v2a2 2 0 0 0 2 2h2v-1.5ZM8 12v-1.5h2a.5.5 0 0 0 .5-.5V8H12v2a2 2 0 0 1-2 2H8Zm2-12a2 2 0 0 1 2 2v2h-1.5V2a.5.5 0 0 0-.5-.5H8V0h2Z\" \/>\n\t\t\t<\/svg>\n\t\t<\/button><\/figure>\n\n\n\n<figure data-wp-context=\"{&quot;imageId&quot;:&quot;69f22639d81bc&quot;}\" data-wp-interactive=\"core\/image\" class=\"wp-block-image size-large wp-lightbox-container\"><img loading=\"lazy\" decoding=\"async\" width=\"1024\" height=\"576\" data-wp-class--hide=\"state.isContentHidden\" data-wp-class--show=\"state.isContentVisible\" data-wp-init=\"callbacks.setButtonStyles\" data-wp-on-async--click=\"actions.showLightbox\" data-wp-on-async--load=\"callbacks.setButtonStyles\" data-wp-on-async-window--resize=\"callbacks.setButtonStyles\" data-id=\"32421\" src=\"https:\/\/noticias.jesuitas.pe\/wp-content\/uploads\/2026\/04\/55204022847_f7e0de338d_o-1024x576.jpg\" alt=\"\" class=\"wp-image-32421\" srcset=\"https:\/\/noticias.jesuitas.pe\/wp-content\/uploads\/2026\/04\/55204022847_f7e0de338d_o-1024x576.jpg 1024w, https:\/\/noticias.jesuitas.pe\/wp-content\/uploads\/2026\/04\/55204022847_f7e0de338d_o-300x169.jpg 300w, https:\/\/noticias.jesuitas.pe\/wp-content\/uploads\/2026\/04\/55204022847_f7e0de338d_o-768x432.jpg 768w, https:\/\/noticias.jesuitas.pe\/wp-content\/uploads\/2026\/04\/55204022847_f7e0de338d_o-1536x864.jpg 1536w, https:\/\/noticias.jesuitas.pe\/wp-content\/uploads\/2026\/04\/55204022847_f7e0de338d_o-2048x1152.jpg 2048w, https:\/\/noticias.jesuitas.pe\/wp-content\/uploads\/2026\/04\/55204022847_f7e0de338d_o-1080x607.jpg 1080w\" sizes=\"(max-width: 1024px) 100vw, 1024px\" \/><button\n\t\t\tclass=\"lightbox-trigger\"\n\t\t\ttype=\"button\"\n\t\t\taria-haspopup=\"dialog\"\n\t\t\taria-label=\"Ampliar la imagen\"\n\t\t\tdata-wp-init=\"callbacks.initTriggerButton\"\n\t\t\tdata-wp-on-async--click=\"actions.showLightbox\"\n\t\t\tdata-wp-style--right=\"state.imageButtonRight\"\n\t\t\tdata-wp-style--top=\"state.imageButtonTop\"\n\t\t>\n\t\t\t<svg xmlns=\"http:\/\/www.w3.org\/2000\/svg\" width=\"12\" height=\"12\" fill=\"none\" viewBox=\"0 0 12 12\">\n\t\t\t\t<path fill=\"#fff\" d=\"M2 0a2 2 0 0 0-2 2v2h1.5V2a.5.5 0 0 1 .5-.5h2V0H2Zm2 10.5H2a.5.5 0 0 1-.5-.5V8H0v2a2 2 0 0 0 2 2h2v-1.5ZM8 12v-1.5h2a.5.5 0 0 0 .5-.5V8H12v2a2 2 0 0 1-2 2H8Zm2-12a2 2 0 0 1 2 2v2h-1.5V2a.5.5 0 0 0-.5-.5H8V0h2Z\" \/>\n\t\t\t<\/svg>\n\t\t<\/button><\/figure>\n<\/figure>\n","protected":false},"excerpt":{"rendered":"<p>\u00a0Nino Villarroel SJ fue ordenado di\u00e1cono el s\u00e1bado 11 de abril, en la Bas\u00edlica de Saint-Denis (Par\u00eds), junto a otros quince estudiantes de diferentes provincias jesuitas y uno de la Orden Hospitalaria de San Juan de Dios. La ceremonia fue presidida por Mons. \u00c9tienne Guillet, obispo de Saint-Denis, y en ella tambi\u00e9n fue ordenado presb\u00edtero [&hellip;]<\/p>\n","protected":false},"author":1,"featured_media":32422,"comment_status":"open","ping_status":"open","sticky":false,"template":"","format":"standard","meta":{"_et_pb_use_builder":"off","_et_pb_old_content":"","_et_gb_content_width":"","_monsterinsights_skip_tracking":false,"_monsterinsights_sitenote_active":false,"_monsterinsights_sitenote_note":"","_monsterinsights_sitenote_category":0,"footnotes":""},"categories":[19],"tags":[],"class_list":["post-32419","post","type-post","status-publish","format-standard","has-post-thumbnail","hentry","category-peru","et-has-post-format-content","et_post_format-et-post-format-standard"],"yoast_head":"<!-- This site is optimized with the Yoast SEO plugin v24.5 - https:\/\/yoast.com\/wordpress\/plugins\/seo\/ -->\n<title>Ordenaci\u00f3n diaconal de Nino Villarroel, SJ - Noticias Jesuitas<\/title>\n<meta name=\"robots\" content=\"index, follow, max-snippet:-1, max-image-preview:large, max-video-preview:-1\" \/>\n<link rel=\"canonical\" href=\"https:\/\/noticias.jesuitas.pe\/2026\/04\/20\/ordenacion-diaconal-de-nino-villarroel-sj\/\" \/>\n<meta property=\"og:locale\" content=\"es_ES\" \/>\n<meta property=\"og:type\" content=\"article\" \/>\n<meta property=\"og:title\" content=\"Ordenaci\u00f3n diaconal de Nino Villarroel, SJ - Noticias Jesuitas\" \/>\n<meta property=\"og:description\" content=\"\u00a0Nino Villarroel SJ fue ordenado di\u00e1cono el s\u00e1bado 11 de abril, en la Bas\u00edlica de Saint-Denis (Par\u00eds), junto a otros quince estudiantes de diferentes provincias jesuitas y uno de la Orden Hospitalaria de San Juan de Dios. La ceremonia fue presidida por Mons. \u00c9tienne Guillet, obispo de Saint-Denis, y en ella tambi\u00e9n fue ordenado presb\u00edtero [&hellip;]\" \/>\n<meta property=\"og:url\" content=\"https:\/\/noticias.jesuitas.pe\/2026\/04\/20\/ordenacion-diaconal-de-nino-villarroel-sj\/\" \/>\n<meta property=\"og:site_name\" content=\"Noticias Jesuitas\" \/>\n<meta property=\"article:published_time\" content=\"2026-04-20T16:31:26+00:00\" \/>\n<meta property=\"article:modified_time\" content=\"2026-04-20T17:30:42+00:00\" \/>\n<meta property=\"og:image\" content=\"https:\/\/noticias.jesuitas.pe\/wp-content\/uploads\/2026\/04\/Ordenacion-diaconal-en-Paris.jpg\" \/>\n\t<meta property=\"og:image:width\" content=\"1920\" \/>\n\t<meta property=\"og:image:height\" content=\"1080\" \/>\n\t<meta property=\"og:image:type\" content=\"image\/jpeg\" \/>\n<meta name=\"author\" content=\"@adminjesu\" \/>\n<meta name=\"twitter:card\" content=\"summary_large_image\" \/>\n<meta name=\"twitter:label1\" content=\"Escrito por\" \/>\n\t<meta name=\"twitter:data1\" content=\"@adminjesu\" \/>\n\t<meta name=\"twitter:label2\" content=\"Tiempo de lectura\" \/>\n\t<meta name=\"twitter:data2\" content=\"2 minutos\" \/>\n<script type=\"application\/ld+json\" class=\"yoast-schema-graph\">{\"@context\":\"https:\/\/schema.org\",\"@graph\":[{\"@type\":\"Article\",\"@id\":\"https:\/\/noticias.jesuitas.pe\/2026\/04\/20\/ordenacion-diaconal-de-nino-villarroel-sj\/#article\",\"isPartOf\":{\"@id\":\"https:\/\/noticias.jesuitas.pe\/2026\/04\/20\/ordenacion-diaconal-de-nino-villarroel-sj\/\"},\"author\":{\"name\":\"@adminjesu\",\"@id\":\"https:\/\/noticias.jesuitas.pe\/#\/schema\/person\/b35c9a89df428379626120c919dd2d87\"},\"headline\":\"Ordenaci\u00f3n diaconal de Nino Villarroel, SJ\",\"datePublished\":\"2026-04-20T16:31:26+00:00\",\"dateModified\":\"2026-04-20T17:30:42+00:00\",\"mainEntityOfPage\":{\"@id\":\"https:\/\/noticias.jesuitas.pe\/2026\/04\/20\/ordenacion-diaconal-de-nino-villarroel-sj\/\"},\"wordCount\":272,\"commentCount\":0,\"publisher\":{\"@id\":\"https:\/\/noticias.jesuitas.pe\/#organization\"},\"image\":{\"@id\":\"https:\/\/noticias.jesuitas.pe\/2026\/04\/20\/ordenacion-diaconal-de-nino-villarroel-sj\/#primaryimage\"},\"thumbnailUrl\":\"https:\/\/noticias.jesuitas.pe\/wp-content\/uploads\/2026\/04\/Ordenacion-diaconal-en-Paris.jpg\",\"articleSection\":[\"Provincia Peruana\"],\"inLanguage\":\"es\",\"potentialAction\":[{\"@type\":\"CommentAction\",\"name\":\"Comment\",\"target\":[\"https:\/\/noticias.jesuitas.pe\/2026\/04\/20\/ordenacion-diaconal-de-nino-villarroel-sj\/#respond\"]}]},{\"@type\":\"WebPage\",\"@id\":\"https:\/\/noticias.jesuitas.pe\/2026\/04\/20\/ordenacion-diaconal-de-nino-villarroel-sj\/\",\"url\":\"https:\/\/noticias.jesuitas.pe\/2026\/04\/20\/ordenacion-diaconal-de-nino-villarroel-sj\/\",\"name\":\"Ordenaci\u00f3n diaconal de Nino Villarroel, SJ - Noticias Jesuitas\",\"isPartOf\":{\"@id\":\"https:\/\/noticias.jesuitas.pe\/#website\"},\"primaryImageOfPage\":{\"@id\":\"https:\/\/noticias.jesuitas.pe\/2026\/04\/20\/ordenacion-diaconal-de-nino-villarroel-sj\/#primaryimage\"},\"image\":{\"@id\":\"https:\/\/noticias.jesuitas.pe\/2026\/04\/20\/ordenacion-diaconal-de-nino-villarroel-sj\/#primaryimage\"},\"thumbnailUrl\":\"https:\/\/noticias.jesuitas.pe\/wp-content\/uploads\/2026\/04\/Ordenacion-diaconal-en-Paris.jpg\",\"datePublished\":\"2026-04-20T16:31:26+00:00\",\"dateModified\":\"2026-04-20T17:30:42+00:00\",\"breadcrumb\":{\"@id\":\"https:\/\/noticias.jesuitas.pe\/2026\/04\/20\/ordenacion-diaconal-de-nino-villarroel-sj\/#breadcrumb\"},\"inLanguage\":\"es\",\"potentialAction\":[{\"@type\":\"ReadAction\",\"target\":[\"https:\/\/noticias.jesuitas.pe\/2026\/04\/20\/ordenacion-diaconal-de-nino-villarroel-sj\/\"]}]},{\"@type\":\"ImageObject\",\"inLanguage\":\"es\",\"@id\":\"https:\/\/noticias.jesuitas.pe\/2026\/04\/20\/ordenacion-diaconal-de-nino-villarroel-sj\/#primaryimage\",\"url\":\"https:\/\/noticias.jesuitas.pe\/wp-content\/uploads\/2026\/04\/Ordenacion-diaconal-en-Paris.jpg\",\"contentUrl\":\"https:\/\/noticias.jesuitas.pe\/wp-content\/uploads\/2026\/04\/Ordenacion-diaconal-en-Paris.jpg\",\"width\":1920,\"height\":1080},{\"@type\":\"BreadcrumbList\",\"@id\":\"https:\/\/noticias.jesuitas.pe\/2026\/04\/20\/ordenacion-diaconal-de-nino-villarroel-sj\/#breadcrumb\",\"itemListElement\":[{\"@type\":\"ListItem\",\"position\":1,\"name\":\"Portada\",\"item\":\"https:\/\/noticias.jesuitas.pe\/\"},{\"@type\":\"ListItem\",\"position\":2,\"name\":\"Ordenaci\u00f3n diaconal de Nino Villarroel, SJ\"}]},{\"@type\":\"WebSite\",\"@id\":\"https:\/\/noticias.jesuitas.pe\/#website\",\"url\":\"https:\/\/noticias.jesuitas.pe\/\",\"name\":\"Noticias Jesuitas\",\"description\":\"Jesuitas del Per\u00fa\",\"publisher\":{\"@id\":\"https:\/\/noticias.jesuitas.pe\/#organization\"},\"potentialAction\":[{\"@type\":\"SearchAction\",\"target\":{\"@type\":\"EntryPoint\",\"urlTemplate\":\"https:\/\/noticias.jesuitas.pe\/?s={search_term_string}\"},\"query-input\":{\"@type\":\"PropertyValueSpecification\",\"valueRequired\":true,\"valueName\":\"search_term_string\"}}],\"inLanguage\":\"es\"},{\"@type\":\"Organization\",\"@id\":\"https:\/\/noticias.jesuitas.pe\/#organization\",\"name\":\"Jesuitas Per\u00fa\",\"url\":\"https:\/\/noticias.jesuitas.pe\/\",\"logo\":{\"@type\":\"ImageObject\",\"inLanguage\":\"es\",\"@id\":\"https:\/\/noticias.jesuitas.pe\/#\/schema\/logo\/image\/\",\"url\":\"https:\/\/noticias.jesuitas.pe\/wp-content\/uploads\/2019\/08\/logo-noticias.png\",\"contentUrl\":\"https:\/\/noticias.jesuitas.pe\/wp-content\/uploads\/2019\/08\/logo-noticias.png\",\"width\":600,\"height\":154,\"caption\":\"Jesuitas Per\u00fa\"},\"image\":{\"@id\":\"https:\/\/noticias.jesuitas.pe\/#\/schema\/logo\/image\/\"}},{\"@type\":\"Person\",\"@id\":\"https:\/\/noticias.jesuitas.pe\/#\/schema\/person\/b35c9a89df428379626120c919dd2d87\",\"name\":\"@adminjesu\",\"image\":{\"@type\":\"ImageObject\",\"inLanguage\":\"es\",\"@id\":\"https:\/\/noticias.jesuitas.pe\/#\/schema\/person\/image\/\",\"url\":\"https:\/\/secure.gravatar.com\/avatar\/d2004afa05dad3e33696882e0904bf7a?s=96&d=mm&r=g\",\"contentUrl\":\"https:\/\/secure.gravatar.com\/avatar\/d2004afa05dad3e33696882e0904bf7a?s=96&d=mm&r=g\",\"caption\":\"@adminjesu\"}}]}<\/script>\n<!-- \/ Yoast SEO plugin. -->","yoast_head_json":{"title":"Ordenaci\u00f3n diaconal de Nino Villarroel, SJ - Noticias Jesuitas","robots":{"index":"index","follow":"follow","max-snippet":"max-snippet:-1","max-image-preview":"max-image-preview:large","max-video-preview":"max-video-preview:-1"},"canonical":"https:\/\/noticias.jesuitas.pe\/2026\/04\/20\/ordenacion-diaconal-de-nino-villarroel-sj\/","og_locale":"es_ES","og_type":"article","og_title":"Ordenaci\u00f3n diaconal de Nino Villarroel, SJ - Noticias Jesuitas","og_description":"\u00a0Nino Villarroel SJ fue ordenado di\u00e1cono el s\u00e1bado 11 de abril, en la Bas\u00edlica de Saint-Denis (Par\u00eds), junto a otros quince estudiantes de diferentes provincias jesuitas y uno de la Orden Hospitalaria de San Juan de Dios. La ceremonia fue presidida por Mons. \u00c9tienne Guillet, obispo de Saint-Denis, y en ella tambi\u00e9n fue ordenado presb\u00edtero [&hellip;]","og_url":"https:\/\/noticias.jesuitas.pe\/2026\/04\/20\/ordenacion-diaconal-de-nino-villarroel-sj\/","og_site_name":"Noticias Jesuitas","article_published_time":"2026-04-20T16:31:26+00:00","article_modified_time":"2026-04-20T17:30:42+00:00","og_image":[{"width":1920,"height":1080,"url":"https:\/\/noticias.jesuitas.pe\/wp-content\/uploads\/2026\/04\/Ordenacion-diaconal-en-Paris.jpg","type":"image\/jpeg"}],"author":"@adminjesu","twitter_card":"summary_large_image","twitter_misc":{"Escrito por":"@adminjesu","Tiempo de lectura":"2 minutos"},"schema":{"@context":"https:\/\/schema.org","@graph":[{"@type":"Article","@id":"https:\/\/noticias.jesuitas.pe\/2026\/04\/20\/ordenacion-diaconal-de-nino-villarroel-sj\/#article","isPartOf":{"@id":"https:\/\/noticias.jesuitas.pe\/2026\/04\/20\/ordenacion-diaconal-de-nino-villarroel-sj\/"},"author":{"name":"@adminjesu","@id":"https:\/\/noticias.jesuitas.pe\/#\/schema\/person\/b35c9a89df428379626120c919dd2d87"},"headline":"Ordenaci\u00f3n diaconal de Nino Villarroel, SJ","datePublished":"2026-04-20T16:31:26+00:00","dateModified":"2026-04-20T17:30:42+00:00","mainEntityOfPage":{"@id":"https:\/\/noticias.jesuitas.pe\/2026\/04\/20\/ordenacion-diaconal-de-nino-villarroel-sj\/"},"wordCount":272,"commentCount":0,"publisher":{"@id":"https:\/\/noticias.jesuitas.pe\/#organization"},"image":{"@id":"https:\/\/noticias.jesuitas.pe\/2026\/04\/20\/ordenacion-diaconal-de-nino-villarroel-sj\/#primaryimage"},"thumbnailUrl":"https:\/\/noticias.jesuitas.pe\/wp-content\/uploads\/2026\/04\/Ordenacion-diaconal-en-Paris.jpg","articleSection":["Provincia Peruana"],"inLanguage":"es","potentialAction":[{"@type":"CommentAction","name":"Comment","target":["https:\/\/noticias.jesuitas.pe\/2026\/04\/20\/ordenacion-diaconal-de-nino-villarroel-sj\/#respond"]}]},{"@type":"WebPage","@id":"https:\/\/noticias.jesuitas.pe\/2026\/04\/20\/ordenacion-diaconal-de-nino-villarroel-sj\/","url":"https:\/\/noticias.jesuitas.pe\/2026\/04\/20\/ordenacion-diaconal-de-nino-villarroel-sj\/","name":"Ordenaci\u00f3n diaconal de Nino Villarroel, SJ - Noticias Jesuitas","isPartOf":{"@id":"https:\/\/noticias.jesuitas.pe\/#website"},"primaryImageOfPage":{"@id":"https:\/\/noticias.jesuitas.pe\/2026\/04\/20\/ordenacion-diaconal-de-nino-villarroel-sj\/#primaryimage"},"image":{"@id":"https:\/\/noticias.jesuitas.pe\/2026\/04\/20\/ordenacion-diaconal-de-nino-villarroel-sj\/#primaryimage"},"thumbnailUrl":"https:\/\/noticias.jesuitas.pe\/wp-content\/uploads\/2026\/04\/Ordenacion-diaconal-en-Paris.jpg","datePublished":"2026-04-20T16:31:26+00:00","dateModified":"2026-04-20T17:30:42+00:00","breadcrumb":{"@id":"https:\/\/noticias.jesuitas.pe\/2026\/04\/20\/ordenacion-diaconal-de-nino-villarroel-sj\/#breadcrumb"},"inLanguage":"es","potentialAction":[{"@type":"ReadAction","target":["https:\/\/noticias.jesuitas.pe\/2026\/04\/20\/ordenacion-diaconal-de-nino-villarroel-sj\/"]}]},{"@type":"ImageObject","inLanguage":"es","@id":"https:\/\/noticias.jesuitas.pe\/2026\/04\/20\/ordenacion-diaconal-de-nino-villarroel-sj\/#primaryimage","url":"https:\/\/noticias.jesuitas.pe\/wp-content\/uploads\/2026\/04\/Ordenacion-diaconal-en-Paris.jpg","contentUrl":"https:\/\/noticias.jesuitas.pe\/wp-content\/uploads\/2026\/04\/Ordenacion-diaconal-en-Paris.jpg","width":1920,"height":1080},{"@type":"BreadcrumbList","@id":"https:\/\/noticias.jesuitas.pe\/2026\/04\/20\/ordenacion-diaconal-de-nino-villarroel-sj\/#breadcrumb","itemListElement":[{"@type":"ListItem","position":1,"name":"Portada","item":"https:\/\/noticias.jesuitas.pe\/"},{"@type":"ListItem","position":2,"name":"Ordenaci\u00f3n diaconal de Nino Villarroel, SJ"}]},{"@type":"WebSite","@id":"https:\/\/noticias.jesuitas.pe\/#website","url":"https:\/\/noticias.jesuitas.pe\/","name":"Noticias Jesuitas","description":"Jesuitas del Per\u00fa","publisher":{"@id":"https:\/\/noticias.jesuitas.pe\/#organization"},"potentialAction":[{"@type":"SearchAction","target":{"@type":"EntryPoint","urlTemplate":"https:\/\/noticias.jesuitas.pe\/?s={search_term_string}"},"query-input":{"@type":"PropertyValueSpecification","valueRequired":true,"valueName":"search_term_string"}}],"inLanguage":"es"},{"@type":"Organization","@id":"https:\/\/noticias.jesuitas.pe\/#organization","name":"Jesuitas Per\u00fa","url":"https:\/\/noticias.jesuitas.pe\/","logo":{"@type":"ImageObject","inLanguage":"es","@id":"https:\/\/noticias.jesuitas.pe\/#\/schema\/logo\/image\/","url":"https:\/\/noticias.jesuitas.pe\/wp-content\/uploads\/2019\/08\/logo-noticias.png","contentUrl":"https:\/\/noticias.jesuitas.pe\/wp-content\/uploads\/2019\/08\/logo-noticias.png","width":600,"height":154,"caption":"Jesuitas Per\u00fa"},"image":{"@id":"https:\/\/noticias.jesuitas.pe\/#\/schema\/logo\/image\/"}},{"@type":"Person","@id":"https:\/\/noticias.jesuitas.pe\/#\/schema\/person\/b35c9a89df428379626120c919dd2d87","name":"@adminjesu","image":{"@type":"ImageObject","inLanguage":"es","@id":"https:\/\/noticias.jesuitas.pe\/#\/schema\/person\/image\/","url":"https:\/\/secure.gravatar.com\/avatar\/d2004afa05dad3e33696882e0904bf7a?s=96&d=mm&r=g","contentUrl":"https:\/\/secure.gravatar.com\/avatar\/d2004afa05dad3e33696882e0904bf7a?s=96&d=mm&r=g","caption":"@adminjesu"}}]}},"_links":{"self":[{"href":"https:\/\/noticias.jesuitas.pe\/wp-json\/wp\/v2\/posts\/32419","targetHints":{"allow":["GET"]}}],"collection":[{"href":"https:\/\/noticias.jesuitas.pe\/wp-json\/wp\/v2\/posts"}],"about":[{"href":"https:\/\/noticias.jesuitas.pe\/wp-json\/wp\/v2\/types\/post"}],"author":[{"embeddable":true,"href":"https:\/\/noticias.jesuitas.pe\/wp-json\/wp\/v2\/users\/1"}],"replies":[{"embeddable":true,"href":"https:\/\/noticias.jesuitas.pe\/wp-json\/wp\/v2\/comments?post=32419"}],"version-history":[{"count":1,"href":"https:\/\/noticias.jesuitas.pe\/wp-json\/wp\/v2\/posts\/32419\/revisions"}],"predecessor-version":[{"id":32423,"href":"https:\/\/noticias.jesuitas.pe\/wp-json\/wp\/v2\/posts\/32419\/revisions\/32423"}],"wp:featuredmedia":[{"embeddable":true,"href":"https:\/\/noticias.jesuitas.pe\/wp-json\/wp\/v2\/media\/32422"}],"wp:attachment":[{"href":"https:\/\/noticias.jesuitas.pe\/wp-json\/wp\/v2\/media?parent=32419"}],"wp:term":[{"taxonomy":"category","embeddable":true,"href":"https:\/\/noticias.jesuitas.pe\/wp-json\/wp\/v2\/categories?post=32419"},{"taxonomy":"post_tag","embeddable":true,"href":"https:\/\/noticias.jesuitas.pe\/wp-json\/wp\/v2\/tags?post=32419"}],"curies":[{"name":"wp","href":"https:\/\/api.w.org\/{rel}","templated":true}]}},{"id":32411,"date":"2026-04-10T21:28:08","date_gmt":"2026-04-10T21:28:08","guid":{"rendered":"https:\/\/noticias.jesuitas.pe\/?p=32411"},"modified":"2026-04-10T21:28:47","modified_gmt":"2026-04-10T21:28:47","slug":"fe-y-alegria-celebra-60-anos-con-una-campana-nacional-de-arborizacion","status":"publish","type":"post","link":"https:\/\/noticias.jesuitas.pe\/2026\/04\/10\/fe-y-alegria-celebra-60-anos-con-una-campana-nacional-de-arborizacion\/","title":{"rendered":"Fe y Alegr\u00eda celebra 60 a\u00f1os con una Campa\u00f1a Nacional de Arborizaci\u00f3n"},"content":{"rendered":"\n<p>En el marco de su 60\u00ba aniversario en el pa\u00eds, Fe y Alegr\u00eda del Per\u00fa inicia la campa\u00f1a nacional&nbsp;\u201cSiembra educaci\u00f3n, cosecha esperanza\u201d<strong>.<\/strong>&nbsp;Esta iniciativa surge como una respuesta urgente ante la p\u00e9rdida de m\u00e1s de 4 millones de hect\u00e1reas de bosques y \u00e1reas verdes en el territorio nacional. M\u00e1s que una jornada de arborizaci\u00f3n, la campa\u00f1a busca fortalecer la conciencia ciudadana y el compromiso ecol\u00f3gico, reafirmando que la educaci\u00f3n es una herramienta clave para transformar y proteger la vida en todas sus formas.<\/p>\n\n\n\n<p>La campa\u00f1a se inici\u00f3 oficialmente el 1 de abril con la siembra del primer \u00e1rbol de l\u00facuma en la instituci\u00f3n educativa Fe y Alegr\u00eda N\u00ba 13, en Collique (Comas, Lima) donde estuvo presente su comunidad educativa. Tambi\u00e9n acompa\u00f1aron esta jornada el equipo de docentes de las&nbsp;instituciones educativas de Fe y Alegr\u00eda de&nbsp;la Red de Comas, el director general de Fe y Alegr\u00eda del Per\u00fa, P. Ernesto Cavassa SJ y una comisi\u00f3n de la oficina&nbsp;nacional.<\/p>\n\n\n\n<p><\/p>\n\n\n\n<figure data-wp-context=\"{&quot;imageId&quot;:&quot;69f22639db7d1&quot;}\" data-wp-interactive=\"core\/image\" class=\"wp-block-image aligncenter size-large is-resized wp-lightbox-container\"><img loading=\"lazy\" decoding=\"async\" width=\"1024\" height=\"683\" data-wp-class--hide=\"state.isContentHidden\" data-wp-class--show=\"state.isContentVisible\" data-wp-init=\"callbacks.setButtonStyles\" data-wp-on-async--click=\"actions.showLightbox\" data-wp-on-async--load=\"callbacks.setButtonStyles\" data-wp-on-async-window--resize=\"callbacks.setButtonStyles\" src=\"https:\/\/noticias.jesuitas.pe\/wp-content\/uploads\/2026\/04\/IMG_3438-1024x683-1.jpg\" alt=\"\" class=\"wp-image-32413\" style=\"width:533px;height:auto\" srcset=\"https:\/\/noticias.jesuitas.pe\/wp-content\/uploads\/2026\/04\/IMG_3438-1024x683-1.jpg 1024w, https:\/\/noticias.jesuitas.pe\/wp-content\/uploads\/2026\/04\/IMG_3438-1024x683-1-300x200.jpg 300w, https:\/\/noticias.jesuitas.pe\/wp-content\/uploads\/2026\/04\/IMG_3438-1024x683-1-768x512.jpg 768w\" sizes=\"(max-width: 1024px) 100vw, 1024px\" \/><button\n\t\t\tclass=\"lightbox-trigger\"\n\t\t\ttype=\"button\"\n\t\t\taria-haspopup=\"dialog\"\n\t\t\taria-label=\"Ampliar la imagen\"\n\t\t\tdata-wp-init=\"callbacks.initTriggerButton\"\n\t\t\tdata-wp-on-async--click=\"actions.showLightbox\"\n\t\t\tdata-wp-style--right=\"state.imageButtonRight\"\n\t\t\tdata-wp-style--top=\"state.imageButtonTop\"\n\t\t>\n\t\t\t<svg xmlns=\"http:\/\/www.w3.org\/2000\/svg\" width=\"12\" height=\"12\" fill=\"none\" viewBox=\"0 0 12 12\">\n\t\t\t\t<path fill=\"#fff\" d=\"M2 0a2 2 0 0 0-2 2v2h1.5V2a.5.5 0 0 1 .5-.5h2V0H2Zm2 10.5H2a.5.5 0 0 1-.5-.5V8H0v2a2 2 0 0 0 2 2h2v-1.5ZM8 12v-1.5h2a.5.5 0 0 0 .5-.5V8H12v2a2 2 0 0 1-2 2H8Zm2-12a2 2 0 0 1 2 2v2h-1.5V2a.5.5 0 0 0-.5-.5H8V0h2Z\" \/>\n\t\t\t<\/svg>\n\t\t<\/button><\/figure>\n\n\n\n<p><\/p>\n\n\n\n<p>Durante su intervenci\u00f3n, el P. Cavassa destac\u00f3 que&nbsp;todas y todos los integrantes del&nbsp;Movimiento de Fe y Alegr\u00eda est\u00e1n invitados a sumarse con entusiasmo a esta iniciativa, con el objetivo de alcanzar la meta de&nbsp;sembrar 6,000 \u00e1rboles o plantas a nivel nacional.<\/p>\n\n\n\n<p>La campa\u00f1a se desarrollar\u00e1 hasta el 30 de noviembre de 2026. En ese marco, cada instituci\u00f3n conformar\u00e1 un equipo ecol\u00f3gico integrado por docentes, directivos y familias, quienes estar\u00e1n encargados de planificar y ejecutar acciones colectivas. El enfoque es estrat\u00e9gico: se priorizar\u00e1 la intervenci\u00f3n en espacios donde la vegetaci\u00f3n contribuya a generar sombra, proteger fuentes de agua o establecer barreras naturales, tanto dentro de las escuelas como en sus entornos comunitarios.<\/p>\n\n\n\n<p>Un componente central de la propuesta es su car\u00e1cter formativo. Asimismo, se promover\u00e1 la articulaci\u00f3n con municipalidades, viveros y organizaciones aliadas para acceder a asesor\u00eda t\u00e9cnica y recursos que garanticen la sostenibilidad de los plantones. Cada jornada de siembra ser\u00e1 organizada de manera colaborativa, fortaleciendo el sentido de pertenencia y la responsabilidad compartida entre los participantes.<\/p>\n\n\n\n<p>El impacto de la campa\u00f1a se medir\u00e1 a partir de la participaci\u00f3n de la comunidad y del cuidado sostenido de lo sembrado, aspectos que ser\u00e1n registrados y monitoreados a nivel nacional. Con esta iniciativa, Fe y Alegr\u00eda busca tambi\u00e9n inspirar a las familias a replicar estas acciones en sus hogares, convirti\u00e9ndolas en gestos concretos de esperanza para el cuidado del medio ambiente.<\/p>\n\n\n\n<p><\/p>\n\n\n\n<figure class=\"wp-block-gallery has-nested-images columns-default is-cropped wp-block-gallery-7 is-layout-flex wp-block-gallery-is-layout-flex\">\n<figure data-wp-context=\"{&quot;imageId&quot;:&quot;69f22639dbe39&quot;}\" data-wp-interactive=\"core\/image\" class=\"wp-block-image size-large wp-lightbox-container\"><img loading=\"lazy\" decoding=\"async\" width=\"1024\" height=\"683\" data-wp-class--hide=\"state.isContentHidden\" data-wp-class--show=\"state.isContentVisible\" data-wp-init=\"callbacks.setButtonStyles\" data-wp-on-async--click=\"actions.showLightbox\" data-wp-on-async--load=\"callbacks.setButtonStyles\" data-wp-on-async-window--resize=\"callbacks.setButtonStyles\" data-id=\"32414\" src=\"https:\/\/noticias.jesuitas.pe\/wp-content\/uploads\/2026\/04\/IMG_3351-1024x683-1.jpg\" alt=\"\" class=\"wp-image-32414\" srcset=\"https:\/\/noticias.jesuitas.pe\/wp-content\/uploads\/2026\/04\/IMG_3351-1024x683-1.jpg 1024w, https:\/\/noticias.jesuitas.pe\/wp-content\/uploads\/2026\/04\/IMG_3351-1024x683-1-300x200.jpg 300w, https:\/\/noticias.jesuitas.pe\/wp-content\/uploads\/2026\/04\/IMG_3351-1024x683-1-768x512.jpg 768w\" sizes=\"(max-width: 1024px) 100vw, 1024px\" \/><button\n\t\t\tclass=\"lightbox-trigger\"\n\t\t\ttype=\"button\"\n\t\t\taria-haspopup=\"dialog\"\n\t\t\taria-label=\"Ampliar la imagen\"\n\t\t\tdata-wp-init=\"callbacks.initTriggerButton\"\n\t\t\tdata-wp-on-async--click=\"actions.showLightbox\"\n\t\t\tdata-wp-style--right=\"state.imageButtonRight\"\n\t\t\tdata-wp-style--top=\"state.imageButtonTop\"\n\t\t>\n\t\t\t<svg xmlns=\"http:\/\/www.w3.org\/2000\/svg\" width=\"12\" height=\"12\" fill=\"none\" viewBox=\"0 0 12 12\">\n\t\t\t\t<path fill=\"#fff\" d=\"M2 0a2 2 0 0 0-2 2v2h1.5V2a.5.5 0 0 1 .5-.5h2V0H2Zm2 10.5H2a.5.5 0 0 1-.5-.5V8H0v2a2 2 0 0 0 2 2h2v-1.5ZM8 12v-1.5h2a.5.5 0 0 0 .5-.5V8H12v2a2 2 0 0 1-2 2H8Zm2-12a2 2 0 0 1 2 2v2h-1.5V2a.5.5 0 0 0-.5-.5H8V0h2Z\" \/>\n\t\t\t<\/svg>\n\t\t<\/button><\/figure>\n\n\n\n<figure data-wp-context=\"{&quot;imageId&quot;:&quot;69f22639dc33e&quot;}\" data-wp-interactive=\"core\/image\" class=\"wp-block-image size-large wp-lightbox-container\"><img loading=\"lazy\" decoding=\"async\" width=\"1024\" height=\"682\" data-wp-class--hide=\"state.isContentHidden\" data-wp-class--show=\"state.isContentVisible\" data-wp-init=\"callbacks.setButtonStyles\" data-wp-on-async--click=\"actions.showLightbox\" data-wp-on-async--load=\"callbacks.setButtonStyles\" data-wp-on-async-window--resize=\"callbacks.setButtonStyles\" data-id=\"32415\" src=\"https:\/\/noticias.jesuitas.pe\/wp-content\/uploads\/2026\/04\/IMG_3427-1024x682-1.jpg\" alt=\"\" class=\"wp-image-32415\" srcset=\"https:\/\/noticias.jesuitas.pe\/wp-content\/uploads\/2026\/04\/IMG_3427-1024x682-1.jpg 1024w, https:\/\/noticias.jesuitas.pe\/wp-content\/uploads\/2026\/04\/IMG_3427-1024x682-1-300x200.jpg 300w, https:\/\/noticias.jesuitas.pe\/wp-content\/uploads\/2026\/04\/IMG_3427-1024x682-1-768x512.jpg 768w\" sizes=\"(max-width: 1024px) 100vw, 1024px\" \/><button\n\t\t\tclass=\"lightbox-trigger\"\n\t\t\ttype=\"button\"\n\t\t\taria-haspopup=\"dialog\"\n\t\t\taria-label=\"Ampliar la imagen\"\n\t\t\tdata-wp-init=\"callbacks.initTriggerButton\"\n\t\t\tdata-wp-on-async--click=\"actions.showLightbox\"\n\t\t\tdata-wp-style--right=\"state.imageButtonRight\"\n\t\t\tdata-wp-style--top=\"state.imageButtonTop\"\n\t\t>\n\t\t\t<svg xmlns=\"http:\/\/www.w3.org\/2000\/svg\" width=\"12\" height=\"12\" fill=\"none\" viewBox=\"0 0 12 12\">\n\t\t\t\t<path fill=\"#fff\" d=\"M2 0a2 2 0 0 0-2 2v2h1.5V2a.5.5 0 0 1 .5-.5h2V0H2Zm2 10.5H2a.5.5 0 0 1-.5-.5V8H0v2a2 2 0 0 0 2 2h2v-1.5ZM8 12v-1.5h2a.5.5 0 0 0 .5-.5V8H12v2a2 2 0 0 1-2 2H8Zm2-12a2 2 0 0 1 2 2v2h-1.5V2a.5.5 0 0 0-.5-.5H8V0h2Z\" \/>\n\t\t\t<\/svg>\n\t\t<\/button><\/figure>\n<\/figure>\n\n\n<p>\u00a0<\/p>\n<p>(Con informaci\u00f3n de <span style=\"color: #0000ff;\"><a style=\"color: #0000ff;\" href=\"https:\/\/feyalegria.org.pe\/siembra-educacion-cosecha-esperanza-fe-y-alegria-celebra-60-anos-con-una-campana-nacional-de-arborizacion\/?fbclid=IwY2xjawRDuyhleHRuA2FlbQIxMABicmlkETFSZVRsTXNqOTNZRTQxUGo4c3J0YwZhcHBfaWQQMjIyMDM5MTc4ODIwMDg5MgABHvSTG7bh_emaetNQcawHvSiU7ByRKFayhtHFKEJF4fz0FyKy_jo_AkT4KLIG_aem_pB_mXszmtkYlBW7W_tpyqA\">Fe y Alegr\u00eda del Per\u00fa<\/a><\/span>)\u00a0<\/p>","protected":false},"excerpt":{"rendered":"<p>En el marco de su 60\u00ba aniversario en el pa\u00eds, Fe y Alegr\u00eda del Per\u00fa inicia la campa\u00f1a nacional&nbsp;\u201cSiembra educaci\u00f3n, cosecha esperanza\u201d.&nbsp;Esta iniciativa surge como una respuesta urgente ante la p\u00e9rdida de m\u00e1s de 4 millones de hect\u00e1reas de bosques y \u00e1reas verdes en el territorio nacional. M\u00e1s que una jornada de arborizaci\u00f3n, la campa\u00f1a [&hellip;]<\/p>\n","protected":false},"author":1,"featured_media":32412,"comment_status":"open","ping_status":"open","sticky":false,"template":"","format":"standard","meta":{"_et_pb_use_builder":"off","_et_pb_old_content":"","_et_gb_content_width":"","_monsterinsights_skip_tracking":false,"_monsterinsights_sitenote_active":false,"_monsterinsights_sitenote_note":"","_monsterinsights_sitenote_category":0,"footnotes":""},"categories":[26],"tags":[],"class_list":["post-32411","post","type-post","status-publish","format-standard","has-post-thumbnail","hentry","category-educacion","et-has-post-format-content","et_post_format-et-post-format-standard"],"yoast_head":"<!-- This site is optimized with the Yoast SEO plugin v24.5 - https:\/\/yoast.com\/wordpress\/plugins\/seo\/ -->\n<title>Fe y Alegr\u00eda celebra 60 a\u00f1os con una Campa\u00f1a Nacional de Arborizaci\u00f3n - Noticias Jesuitas<\/title>\n<meta name=\"robots\" content=\"index, follow, max-snippet:-1, max-image-preview:large, max-video-preview:-1\" \/>\n<link rel=\"canonical\" href=\"https:\/\/noticias.jesuitas.pe\/2026\/04\/10\/fe-y-alegria-celebra-60-anos-con-una-campana-nacional-de-arborizacion\/\" \/>\n<meta property=\"og:locale\" content=\"es_ES\" \/>\n<meta property=\"og:type\" content=\"article\" \/>\n<meta property=\"og:title\" content=\"Fe y Alegr\u00eda celebra 60 a\u00f1os con una Campa\u00f1a Nacional de Arborizaci\u00f3n - Noticias Jesuitas\" \/>\n<meta property=\"og:description\" content=\"En el marco de su 60\u00ba aniversario en el pa\u00eds, Fe y Alegr\u00eda del Per\u00fa inicia la campa\u00f1a nacional&nbsp;\u201cSiembra educaci\u00f3n, cosecha esperanza\u201d.&nbsp;Esta iniciativa surge como una respuesta urgente ante la p\u00e9rdida de m\u00e1s de 4 millones de hect\u00e1reas de bosques y \u00e1reas verdes en el territorio nacional. M\u00e1s que una jornada de arborizaci\u00f3n, la campa\u00f1a [&hellip;]\" \/>\n<meta property=\"og:url\" content=\"https:\/\/noticias.jesuitas.pe\/2026\/04\/10\/fe-y-alegria-celebra-60-anos-con-una-campana-nacional-de-arborizacion\/\" \/>\n<meta property=\"og:site_name\" content=\"Noticias Jesuitas\" \/>\n<meta property=\"article:published_time\" content=\"2026-04-10T21:28:08+00:00\" \/>\n<meta property=\"article:modified_time\" content=\"2026-04-10T21:28:47+00:00\" \/>\n<meta property=\"og:image\" content=\"https:\/\/noticias.jesuitas.pe\/wp-content\/uploads\/2026\/04\/IMG_3447-1024x683-1.jpg\" \/>\n\t<meta property=\"og:image:width\" content=\"1024\" \/>\n\t<meta property=\"og:image:height\" content=\"683\" \/>\n\t<meta property=\"og:image:type\" content=\"image\/jpeg\" \/>\n<meta name=\"author\" content=\"@adminjesu\" \/>\n<meta name=\"twitter:card\" content=\"summary_large_image\" \/>\n<meta name=\"twitter:label1\" content=\"Escrito por\" \/>\n\t<meta name=\"twitter:data1\" content=\"@adminjesu\" \/>\n\t<meta name=\"twitter:label2\" content=\"Tiempo de lectura\" \/>\n\t<meta name=\"twitter:data2\" content=\"3 minutos\" \/>\n<script type=\"application\/ld+json\" class=\"yoast-schema-graph\">{\"@context\":\"https:\/\/schema.org\",\"@graph\":[{\"@type\":\"Article\",\"@id\":\"https:\/\/noticias.jesuitas.pe\/2026\/04\/10\/fe-y-alegria-celebra-60-anos-con-una-campana-nacional-de-arborizacion\/#article\",\"isPartOf\":{\"@id\":\"https:\/\/noticias.jesuitas.pe\/2026\/04\/10\/fe-y-alegria-celebra-60-anos-con-una-campana-nacional-de-arborizacion\/\"},\"author\":{\"name\":\"@adminjesu\",\"@id\":\"https:\/\/noticias.jesuitas.pe\/#\/schema\/person\/b35c9a89df428379626120c919dd2d87\"},\"headline\":\"Fe y Alegr\u00eda celebra 60 a\u00f1os con una Campa\u00f1a Nacional de Arborizaci\u00f3n\",\"datePublished\":\"2026-04-10T21:28:08+00:00\",\"dateModified\":\"2026-04-10T21:28:47+00:00\",\"mainEntityOfPage\":{\"@id\":\"https:\/\/noticias.jesuitas.pe\/2026\/04\/10\/fe-y-alegria-celebra-60-anos-con-una-campana-nacional-de-arborizacion\/\"},\"wordCount\":460,\"commentCount\":0,\"publisher\":{\"@id\":\"https:\/\/noticias.jesuitas.pe\/#organization\"},\"image\":{\"@id\":\"https:\/\/noticias.jesuitas.pe\/2026\/04\/10\/fe-y-alegria-celebra-60-anos-con-una-campana-nacional-de-arborizacion\/#primaryimage\"},\"thumbnailUrl\":\"https:\/\/noticias.jesuitas.pe\/wp-content\/uploads\/2026\/04\/IMG_3447-1024x683-1.jpg\",\"articleSection\":[\"Educaci\u00f3n\"],\"inLanguage\":\"es\",\"potentialAction\":[{\"@type\":\"CommentAction\",\"name\":\"Comment\",\"target\":[\"https:\/\/noticias.jesuitas.pe\/2026\/04\/10\/fe-y-alegria-celebra-60-anos-con-una-campana-nacional-de-arborizacion\/#respond\"]}]},{\"@type\":\"WebPage\",\"@id\":\"https:\/\/noticias.jesuitas.pe\/2026\/04\/10\/fe-y-alegria-celebra-60-anos-con-una-campana-nacional-de-arborizacion\/\",\"url\":\"https:\/\/noticias.jesuitas.pe\/2026\/04\/10\/fe-y-alegria-celebra-60-anos-con-una-campana-nacional-de-arborizacion\/\",\"name\":\"Fe y Alegr\u00eda celebra 60 a\u00f1os con una Campa\u00f1a Nacional de Arborizaci\u00f3n - Noticias Jesuitas\",\"isPartOf\":{\"@id\":\"https:\/\/noticias.jesuitas.pe\/#website\"},\"primaryImageOfPage\":{\"@id\":\"https:\/\/noticias.jesuitas.pe\/2026\/04\/10\/fe-y-alegria-celebra-60-anos-con-una-campana-nacional-de-arborizacion\/#primaryimage\"},\"image\":{\"@id\":\"https:\/\/noticias.jesuitas.pe\/2026\/04\/10\/fe-y-alegria-celebra-60-anos-con-una-campana-nacional-de-arborizacion\/#primaryimage\"},\"thumbnailUrl\":\"https:\/\/noticias.jesuitas.pe\/wp-content\/uploads\/2026\/04\/IMG_3447-1024x683-1.jpg\",\"datePublished\":\"2026-04-10T21:28:08+00:00\",\"dateModified\":\"2026-04-10T21:28:47+00:00\",\"breadcrumb\":{\"@id\":\"https:\/\/noticias.jesuitas.pe\/2026\/04\/10\/fe-y-alegria-celebra-60-anos-con-una-campana-nacional-de-arborizacion\/#breadcrumb\"},\"inLanguage\":\"es\",\"potentialAction\":[{\"@type\":\"ReadAction\",\"target\":[\"https:\/\/noticias.jesuitas.pe\/2026\/04\/10\/fe-y-alegria-celebra-60-anos-con-una-campana-nacional-de-arborizacion\/\"]}]},{\"@type\":\"ImageObject\",\"inLanguage\":\"es\",\"@id\":\"https:\/\/noticias.jesuitas.pe\/2026\/04\/10\/fe-y-alegria-celebra-60-anos-con-una-campana-nacional-de-arborizacion\/#primaryimage\",\"url\":\"https:\/\/noticias.jesuitas.pe\/wp-content\/uploads\/2026\/04\/IMG_3447-1024x683-1.jpg\",\"contentUrl\":\"https:\/\/noticias.jesuitas.pe\/wp-content\/uploads\/2026\/04\/IMG_3447-1024x683-1.jpg\",\"width\":1024,\"height\":683},{\"@type\":\"BreadcrumbList\",\"@id\":\"https:\/\/noticias.jesuitas.pe\/2026\/04\/10\/fe-y-alegria-celebra-60-anos-con-una-campana-nacional-de-arborizacion\/#breadcrumb\",\"itemListElement\":[{\"@type\":\"ListItem\",\"position\":1,\"name\":\"Portada\",\"item\":\"https:\/\/noticias.jesuitas.pe\/\"},{\"@type\":\"ListItem\",\"position\":2,\"name\":\"Fe y Alegr\u00eda celebra 60 a\u00f1os con una Campa\u00f1a Nacional de Arborizaci\u00f3n\"}]},{\"@type\":\"WebSite\",\"@id\":\"https:\/\/noticias.jesuitas.pe\/#website\",\"url\":\"https:\/\/noticias.jesuitas.pe\/\",\"name\":\"Noticias Jesuitas\",\"description\":\"Jesuitas del Per\u00fa\",\"publisher\":{\"@id\":\"https:\/\/noticias.jesuitas.pe\/#organization\"},\"potentialAction\":[{\"@type\":\"SearchAction\",\"target\":{\"@type\":\"EntryPoint\",\"urlTemplate\":\"https:\/\/noticias.jesuitas.pe\/?s={search_term_string}\"},\"query-input\":{\"@type\":\"PropertyValueSpecification\",\"valueRequired\":true,\"valueName\":\"search_term_string\"}}],\"inLanguage\":\"es\"},{\"@type\":\"Organization\",\"@id\":\"https:\/\/noticias.jesuitas.pe\/#organization\",\"name\":\"Jesuitas Per\u00fa\",\"url\":\"https:\/\/noticias.jesuitas.pe\/\",\"logo\":{\"@type\":\"ImageObject\",\"inLanguage\":\"es\",\"@id\":\"https:\/\/noticias.jesuitas.pe\/#\/schema\/logo\/image\/\",\"url\":\"https:\/\/noticias.jesuitas.pe\/wp-content\/uploads\/2019\/08\/logo-noticias.png\",\"contentUrl\":\"https:\/\/noticias.jesuitas.pe\/wp-content\/uploads\/2019\/08\/logo-noticias.png\",\"width\":600,\"height\":154,\"caption\":\"Jesuitas Per\u00fa\"},\"image\":{\"@id\":\"https:\/\/noticias.jesuitas.pe\/#\/schema\/logo\/image\/\"}},{\"@type\":\"Person\",\"@id\":\"https:\/\/noticias.jesuitas.pe\/#\/schema\/person\/b35c9a89df428379626120c919dd2d87\",\"name\":\"@adminjesu\",\"image\":{\"@type\":\"ImageObject\",\"inLanguage\":\"es\",\"@id\":\"https:\/\/noticias.jesuitas.pe\/#\/schema\/person\/image\/\",\"url\":\"https:\/\/secure.gravatar.com\/avatar\/d2004afa05dad3e33696882e0904bf7a?s=96&d=mm&r=g\",\"contentUrl\":\"https:\/\/secure.gravatar.com\/avatar\/d2004afa05dad3e33696882e0904bf7a?s=96&d=mm&r=g\",\"caption\":\"@adminjesu\"}}]}<\/script>\n<!-- \/ Yoast SEO plugin. -->","yoast_head_json":{"title":"Fe y Alegr\u00eda celebra 60 a\u00f1os con una Campa\u00f1a Nacional de Arborizaci\u00f3n - Noticias Jesuitas","robots":{"index":"index","follow":"follow","max-snippet":"max-snippet:-1","max-image-preview":"max-image-preview:large","max-video-preview":"max-video-preview:-1"},"canonical":"https:\/\/noticias.jesuitas.pe\/2026\/04\/10\/fe-y-alegria-celebra-60-anos-con-una-campana-nacional-de-arborizacion\/","og_locale":"es_ES","og_type":"article","og_title":"Fe y Alegr\u00eda celebra 60 a\u00f1os con una Campa\u00f1a Nacional de Arborizaci\u00f3n - Noticias Jesuitas","og_description":"En el marco de su 60\u00ba aniversario en el pa\u00eds, Fe y Alegr\u00eda del Per\u00fa inicia la campa\u00f1a nacional&nbsp;\u201cSiembra educaci\u00f3n, cosecha esperanza\u201d.&nbsp;Esta iniciativa surge como una respuesta urgente ante la p\u00e9rdida de m\u00e1s de 4 millones de hect\u00e1reas de bosques y \u00e1reas verdes en el territorio nacional. M\u00e1s que una jornada de arborizaci\u00f3n, la campa\u00f1a [&hellip;]","og_url":"https:\/\/noticias.jesuitas.pe\/2026\/04\/10\/fe-y-alegria-celebra-60-anos-con-una-campana-nacional-de-arborizacion\/","og_site_name":"Noticias Jesuitas","article_published_time":"2026-04-10T21:28:08+00:00","article_modified_time":"2026-04-10T21:28:47+00:00","og_image":[{"width":1024,"height":683,"url":"https:\/\/noticias.jesuitas.pe\/wp-content\/uploads\/2026\/04\/IMG_3447-1024x683-1.jpg","type":"image\/jpeg"}],"author":"@adminjesu","twitter_card":"summary_large_image","twitter_misc":{"Escrito por":"@adminjesu","Tiempo de lectura":"3 minutos"},"schema":{"@context":"https:\/\/schema.org","@graph":[{"@type":"Article","@id":"https:\/\/noticias.jesuitas.pe\/2026\/04\/10\/fe-y-alegria-celebra-60-anos-con-una-campana-nacional-de-arborizacion\/#article","isPartOf":{"@id":"https:\/\/noticias.jesuitas.pe\/2026\/04\/10\/fe-y-alegria-celebra-60-anos-con-una-campana-nacional-de-arborizacion\/"},"author":{"name":"@adminjesu","@id":"https:\/\/noticias.jesuitas.pe\/#\/schema\/person\/b35c9a89df428379626120c919dd2d87"},"headline":"Fe y Alegr\u00eda celebra 60 a\u00f1os con una Campa\u00f1a Nacional de Arborizaci\u00f3n","datePublished":"2026-04-10T21:28:08+00:00","dateModified":"2026-04-10T21:28:47+00:00","mainEntityOfPage":{"@id":"https:\/\/noticias.jesuitas.pe\/2026\/04\/10\/fe-y-alegria-celebra-60-anos-con-una-campana-nacional-de-arborizacion\/"},"wordCount":460,"commentCount":0,"publisher":{"@id":"https:\/\/noticias.jesuitas.pe\/#organization"},"image":{"@id":"https:\/\/noticias.jesuitas.pe\/2026\/04\/10\/fe-y-alegria-celebra-60-anos-con-una-campana-nacional-de-arborizacion\/#primaryimage"},"thumbnailUrl":"https:\/\/noticias.jesuitas.pe\/wp-content\/uploads\/2026\/04\/IMG_3447-1024x683-1.jpg","articleSection":["Educaci\u00f3n"],"inLanguage":"es","potentialAction":[{"@type":"CommentAction","name":"Comment","target":["https:\/\/noticias.jesuitas.pe\/2026\/04\/10\/fe-y-alegria-celebra-60-anos-con-una-campana-nacional-de-arborizacion\/#respond"]}]},{"@type":"WebPage","@id":"https:\/\/noticias.jesuitas.pe\/2026\/04\/10\/fe-y-alegria-celebra-60-anos-con-una-campana-nacional-de-arborizacion\/","url":"https:\/\/noticias.jesuitas.pe\/2026\/04\/10\/fe-y-alegria-celebra-60-anos-con-una-campana-nacional-de-arborizacion\/","name":"Fe y Alegr\u00eda celebra 60 a\u00f1os con una Campa\u00f1a Nacional de Arborizaci\u00f3n - Noticias Jesuitas","isPartOf":{"@id":"https:\/\/noticias.jesuitas.pe\/#website"},"primaryImageOfPage":{"@id":"https:\/\/noticias.jesuitas.pe\/2026\/04\/10\/fe-y-alegria-celebra-60-anos-con-una-campana-nacional-de-arborizacion\/#primaryimage"},"image":{"@id":"https:\/\/noticias.jesuitas.pe\/2026\/04\/10\/fe-y-alegria-celebra-60-anos-con-una-campana-nacional-de-arborizacion\/#primaryimage"},"thumbnailUrl":"https:\/\/noticias.jesuitas.pe\/wp-content\/uploads\/2026\/04\/IMG_3447-1024x683-1.jpg","datePublished":"2026-04-10T21:28:08+00:00","dateModified":"2026-04-10T21:28:47+00:00","breadcrumb":{"@id":"https:\/\/noticias.jesuitas.pe\/2026\/04\/10\/fe-y-alegria-celebra-60-anos-con-una-campana-nacional-de-arborizacion\/#breadcrumb"},"inLanguage":"es","potentialAction":[{"@type":"ReadAction","target":["https:\/\/noticias.jesuitas.pe\/2026\/04\/10\/fe-y-alegria-celebra-60-anos-con-una-campana-nacional-de-arborizacion\/"]}]},{"@type":"ImageObject","inLanguage":"es","@id":"https:\/\/noticias.jesuitas.pe\/2026\/04\/10\/fe-y-alegria-celebra-60-anos-con-una-campana-nacional-de-arborizacion\/#primaryimage","url":"https:\/\/noticias.jesuitas.pe\/wp-content\/uploads\/2026\/04\/IMG_3447-1024x683-1.jpg","contentUrl":"https:\/\/noticias.jesuitas.pe\/wp-content\/uploads\/2026\/04\/IMG_3447-1024x683-1.jpg","width":1024,"height":683},{"@type":"BreadcrumbList","@id":"https:\/\/noticias.jesuitas.pe\/2026\/04\/10\/fe-y-alegria-celebra-60-anos-con-una-campana-nacional-de-arborizacion\/#breadcrumb","itemListElement":[{"@type":"ListItem","position":1,"name":"Portada","item":"https:\/\/noticias.jesuitas.pe\/"},{"@type":"ListItem","position":2,"name":"Fe y Alegr\u00eda celebra 60 a\u00f1os con una Campa\u00f1a Nacional de Arborizaci\u00f3n"}]},{"@type":"WebSite","@id":"https:\/\/noticias.jesuitas.pe\/#website","url":"https:\/\/noticias.jesuitas.pe\/","name":"Noticias Jesuitas","description":"Jesuitas del Per\u00fa","publisher":{"@id":"https:\/\/noticias.jesuitas.pe\/#organization"},"potentialAction":[{"@type":"SearchAction","target":{"@type":"EntryPoint","urlTemplate":"https:\/\/noticias.jesuitas.pe\/?s={search_term_string}"},"query-input":{"@type":"PropertyValueSpecification","valueRequired":true,"valueName":"search_term_string"}}],"inLanguage":"es"},{"@type":"Organization","@id":"https:\/\/noticias.jesuitas.pe\/#organization","name":"Jesuitas Per\u00fa","url":"https:\/\/noticias.jesuitas.pe\/","logo":{"@type":"ImageObject","inLanguage":"es","@id":"https:\/\/noticias.jesuitas.pe\/#\/schema\/logo\/image\/","url":"https:\/\/noticias.jesuitas.pe\/wp-content\/uploads\/2019\/08\/logo-noticias.png","contentUrl":"https:\/\/noticias.jesuitas.pe\/wp-content\/uploads\/2019\/08\/logo-noticias.png","width":600,"height":154,"caption":"Jesuitas Per\u00fa"},"image":{"@id":"https:\/\/noticias.jesuitas.pe\/#\/schema\/logo\/image\/"}},{"@type":"Person","@id":"https:\/\/noticias.jesuitas.pe\/#\/schema\/person\/b35c9a89df428379626120c919dd2d87","name":"@adminjesu","image":{"@type":"ImageObject","inLanguage":"es","@id":"https:\/\/noticias.jesuitas.pe\/#\/schema\/person\/image\/","url":"https:\/\/secure.gravatar.com\/avatar\/d2004afa05dad3e33696882e0904bf7a?s=96&d=mm&r=g","contentUrl":"https:\/\/secure.gravatar.com\/avatar\/d2004afa05dad3e33696882e0904bf7a?s=96&d=mm&r=g","caption":"@adminjesu"}}]}},"_links":{"self":[{"href":"https:\/\/noticias.jesuitas.pe\/wp-json\/wp\/v2\/posts\/32411","targetHints":{"allow":["GET"]}}],"collection":[{"href":"https:\/\/noticias.jesuitas.pe\/wp-json\/wp\/v2\/posts"}],"about":[{"href":"https:\/\/noticias.jesuitas.pe\/wp-json\/wp\/v2\/types\/post"}],"author":[{"embeddable":true,"href":"https:\/\/noticias.jesuitas.pe\/wp-json\/wp\/v2\/users\/1"}],"replies":[{"embeddable":true,"href":"https:\/\/noticias.jesuitas.pe\/wp-json\/wp\/v2\/comments?post=32411"}],"version-history":[{"count":2,"href":"https:\/\/noticias.jesuitas.pe\/wp-json\/wp\/v2\/posts\/32411\/revisions"}],"predecessor-version":[{"id":32417,"href":"https:\/\/noticias.jesuitas.pe\/wp-json\/wp\/v2\/posts\/32411\/revisions\/32417"}],"wp:featuredmedia":[{"embeddable":true,"href":"https:\/\/noticias.jesuitas.pe\/wp-json\/wp\/v2\/media\/32412"}],"wp:attachment":[{"href":"https:\/\/noticias.jesuitas.pe\/wp-json\/wp\/v2\/media?parent=32411"}],"wp:term":[{"taxonomy":"category","embeddable":true,"href":"https:\/\/noticias.jesuitas.pe\/wp-json\/wp\/v2\/categories?post=32411"},{"taxonomy":"post_tag","embeddable":true,"href":"https:\/\/noticias.jesuitas.pe\/wp-json\/wp\/v2\/tags?post=32411"}],"curies":[{"name":"wp","href":"https:\/\/api.w.org\/{rel}","templated":true}]}}]